{"id":102760,"date":"2026-01-13T07:50:09","date_gmt":"2026-01-13T07:50:09","guid":{"rendered":"https:\/\/www.europesays.com\/lv\/102760\/"},"modified":"2026-01-13T07:50:09","modified_gmt":"2026-01-13T07:50:09","slug":"ikskiles-vidusskolas-skolotajas-pilnveido-zinasanas-par-ieklaujosu-un-drosu-skolas-vidi","status":"publish","type":"post","link":"https:\/\/www.europesays.com\/lv\/102760\/","title":{"rendered":"Ik\u0161\u0137iles vidusskolas skolot\u0101jas pilnveido zin\u0101\u0161anas par iek\u013caujo\u0161u un dro\u0161u skolas vidi"},"content":{"rendered":"<p>Novembra beig\u0101s divas Ik\u0161\u0137iles vidusskolas skolot\u0101jas \u2013 Anna Tetere un Madara Lo\u010dmele \u2013 dev\u0101s uz profesion\u0101l\u0101s pilnveides kursiem It\u0101lij\u0101, Rom\u0101, lai papildin\u0101tu zin\u0101\u0161anas par iek\u013caujo\u0161as sabiedr\u012bbas un skolas vides veido\u0161anu, emocion\u0101lo labb\u016bt\u012bbu un bulinga nov\u0113r\u0161anu.<\/p>\n<p>Profesion\u0101l\u0101s pilnveides kursu \u201cBuilding Inclusive Communities: Strategies for Promoting Well-being and Preventing Bullying in Schools\u201d laik\u0101 skolot\u0101jas apguva zin\u0101\u0161anas par emocion\u0101lo inteli\u0123enci, emp\u0101tijas un savstarp\u0113j\u0101s uztic\u0113\u0161an\u0101s noz\u012bmi izgl\u012bt\u012bbas proces\u0101, k\u0101 ar\u012b par kou\u010dinga pieeju skol\u0101 \u2013 m\u0101c\u012b\u0161anu, kas balst\u012bta nevis gatavu atbil\u017eu snieg\u0161an\u0101, bet skol\u0113nu atbalst\u012b\u0161an\u0101 savu risin\u0101jumu atra\u0161an\u0101. Kursu programm\u0101 \u012bpa\u0161a uzman\u012bba tika piev\u0113rsta ar\u012b bulinga un kiberhulig\u0101nisma probl\u0113m\u0101m, to atpaz\u012b\u0161anai un prevent\u012bvajiem pas\u0101kumiem skolas vid\u0113.<\/p>\n<p>M\u0101c\u012bbas norisin\u0101j\u0101s starptautisk\u0101 vid\u0113, piedaloties ar\u012b pedagogiem no Lietuvas un Rum\u0101nijas. Lekciju un praktisko nodarb\u012bbu laik\u0101 tika analiz\u0113ti re\u0101li gad\u012bjumi no skolu ikdienas, p\u0101rrun\u0101ti iesp\u0113jamie r\u012bc\u012bbas mode\u013ci un notika pieredzes apmai\u0146a par iek\u013caujo\u0161as un dro\u0161as m\u0101c\u012bbu vides veido\u0161anu.<\/p>\n<p>\u0100rpus m\u0101c\u012bbu nodarb\u012bb\u0101m skolot\u0101jas iepazina It\u0101lijas kult\u016brvidi, br\u012bvaj\u0101 laik\u0101 apmekl\u0113jot da\u017e\u0101dus Romas kult\u016brv\u0113sturiskos objektus, tostarp Kolizeju, Vatik\u0101nu un Romas forumu, k\u0101 ar\u012b iepaz\u012bstot it\u0101\u013cu virtuvi.<\/p>\n<p>Nosl\u0113dzoties profesion\u0101l\u0101s pilnveides kursiem, skolot\u0101jas atgriez\u0101s Latvij\u0101 ar jaun\u0101m zin\u0101\u0161an\u0101m un idej\u0101m, kuras pl\u0101nots izmantot Ik\u0161\u0137iles vidusskolas ikdienas darb\u0101 ar skol\u0113niem, daloties ar kol\u0113\u0123iem un stiprinot iek\u013caujo\u0161u, dro\u0161u un atbalsto\u0161u m\u0101c\u012bbu vidi skol\u0101. 6. janv\u0101r\u012b skolas informat\u012bv\u0101s san\u0101ksmes ietvaros Anna Tetere un Madara Lo\u010dmele iepaz\u012bstin\u0101ja skolas pedagogus ar profesion\u0101l\u0101s pilnveides kursos g\u016bto pieredzi un galvenaj\u0101m atzi\u0146\u0101m.<\/p>\n<p>Aktivit\u0101tes tiek realiz\u0113tas Erasmus+ projekta \u201eVai zini, k\u0101 nek\u013c\u016bt par kiberhulig\u0101nisma upuri?\u201d, projekta Nr. 2024-1-LV01-KA122-SCH000227350, ietvaros.<\/p>\n<p>Inform\u0101ciju sagatavoja skolot\u0101ja Anna Tetere<\/p>\n","protected":false},"excerpt":{"rendered":"Novembra beig\u0101s divas Ik\u0161\u0137iles vidusskolas skolot\u0101jas \u2013 Anna Tetere un Madara Lo\u010dmele \u2013 dev\u0101s uz profesion\u0101l\u0101s pilnveides kursiem&hellip;\n","protected":false},"author":2,"featured_media":102761,"comment_status":"","ping_status":"","sticky":false,"template":"","format":"standard","meta":{"footnotes":""},"categories":[12],"tags":[23,28,29,32,33,22,30,31,35,39,38,36,37,34,40,20,26,27,24,25,21],"class_list":{"0":"post-102760","1":"post","2":"type-post","3":"status-publish","4":"format-standard","5":"has-post-thumbnail","7":"category-latvija","8":"tag-aktualitates","9":"tag-breaking-news","10":"tag-breakingnews","11":"tag-featured-news","12":"tag-featurednews","13":"tag-headlines","14":"tag-latest-news","15":"tag-latestnews","16":"tag-latvia","17":"tag-latvian","18":"tag-latviesu","19":"tag-latviesu-valoda","20":"tag-latviesuvaloda","21":"tag-latvija","22":"tag-lv","23":"tag-news","24":"tag-popularakas-zinas","25":"tag-popularakaszinas","26":"tag-top-stories","27":"tag-topstories","28":"tag-zinas"},"share_on_mastodon":{"url":"https:\/\/pubeurope.com\/@lv\/115886700832684911","error":""},"_links":{"self":[{"href":"https:\/\/www.europesays.com\/lv\/wp-json\/wp\/v2\/posts\/102760","targetHints":{"allow":["GET"]}}],"collection":[{"href":"https:\/\/www.europesays.com\/lv\/wp-json\/wp\/v2\/posts"}],"about":[{"href":"https:\/\/www.europesays.com\/lv\/wp-json\/wp\/v2\/types\/post"}],"author":[{"embeddable":true,"href":"https:\/\/www.europesays.com\/lv\/wp-json\/wp\/v2\/users\/2"}],"replies":[{"embeddable":true,"href":"https:\/\/www.europesays.com\/lv\/wp-json\/wp\/v2\/comments?post=102760"}],"version-history":[{"count":0,"href":"https:\/\/www.europesays.com\/lv\/wp-json\/wp\/v2\/posts\/102760\/revisions"}],"wp:featuredmedia":[{"embeddable":true,"href":"https:\/\/www.europesays.com\/lv\/wp-json\/wp\/v2\/media\/102761"}],"wp:attachment":[{"href":"https:\/\/www.europesays.com\/lv\/wp-json\/wp\/v2\/media?parent=102760"}],"wp:term":[{"taxonomy":"category","embeddable":true,"href":"https:\/\/www.europesays.com\/lv\/wp-json\/wp\/v2\/categories?post=102760"},{"taxonomy":"post_tag","embeddable":true,"href":"https:\/\/www.europesays.com\/lv\/wp-json\/wp\/v2\/tags?post=102760"}],"curies":[{"name":"wp","href":"https:\/\/api.w.org\/{rel}","templated":true}]}}