{"id":102762,"date":"2026-01-13T07:53:15","date_gmt":"2026-01-13T07:53:15","guid":{"rendered":"https:\/\/www.europesays.com\/lv\/102762\/"},"modified":"2026-01-13T07:53:15","modified_gmt":"2026-01-13T07:53:15","slug":"madrides-real-skiras-no-galvena-trenera-alonso-2","status":"publish","type":"post","link":"https:\/\/www.europesays.com\/lv\/102762\/","title":{"rendered":"Madrides &#8220;Real&#8221; \u0161\u0137iras no galven\u0101 trenera Alonso"},"content":{"rendered":"<p>Karalisk\u0101 kluba pirm\u0101s komandas vad\u012bbu p\u0101r\u0146ems Alvaro Arveloa, kur\u0161 l\u012bdz \u0161im vad\u012bja otro komandu. Pirms tam Arveloa str\u0101d\u0101ja Madrides kluba jaunatnes komand\u0101.<\/p>\n<p>Alonso p\u0101r\u0146\u0113ma kluba vad\u012bbu j\u016bnija s\u0101kum\u0101, un vieno\u0161an\u0101s tika nosl\u0113gta uz tr\u012bs sezon\u0101m.<\/p>\n<p>Madridie\u0161i sv\u0113tdien Sp\u0101nijas Superkaus\u0101 zaud\u0113ja principi\u0101lajai s\u0101ncensei &#8220;Barcelona&#8221;. Sp\u0101nijas meistarsac\u012bkst\u0113s komanda ie\u0146em otro vietu, \u010detrus punktus atpaliekot no barselonie\u0161iem, bet UEFA \u010cempionu l\u012bg\u0101 atrodas sept\u012btaj\u0101 poz\u012bcij\u0101.<\/p>\n<p>44 gadus vecais speci\u0101lists kop\u0161 2022. gada vad\u012bja V\u0101cijas futbola bundesl\u012bgas klubu Leverk\u016bzenes &#8220;Bayer&#8221;, p\u0101r\u0146emot komandas vad\u012bbu, kad t\u0101 bija tuvu izkri\u0161anai no l\u012bgas. Alonso kop\u0101 ar Leverk\u016bzenes klubu 2023.\/2024. gada sezon\u0101 pirmoreiz uzvar\u0113ja bundesl\u012bg\u0101, k\u0101 ar\u012b izc\u012bn\u012bja V\u0101cijas kausu.<\/p>\n<p>Alonso, kur\u0161 futbolista karjeru nosl\u0113dza tikai 2017. gad\u0101, trenera karjeru s\u0101ka 2019. gad\u0101, kad k\u013cuva par Sp\u0101nijas kluba Sansevastjanas &#8220;Real Sociedad&#8221; otr\u0101s komandas st\u016brmani.<\/p>\n<p>Alonso sp\u0113l\u0113t\u0101ja karjeras laik\u0101 Sp\u0101nijas izlases rind\u0101s k\u013cuva par 2010. gada Pasaules kausa ieguv\u0113ju, k\u0101 ar\u012b triumf\u0113ja 2008. un 2012. gada Eiropas \u010dempion\u0101tos.<\/p>\n<p>Ar\u012b 42 gadus vecais Arveloa trenera gaitas uzs\u0101cis p\u0113c profesion\u0101la futbolista karjeras. Biju\u0161ais aizsargs liel\u0101ko da\u013cu karjeras pavad\u012bja Madrides klub\u0101, sp\u0113l\u0113jot ar\u012b Vesthemas &#8220;United&#8221;, &#8220;Liverpool&#8221; un Lakoru\u0146as &#8220;Deportivo&#8221;. Sp\u0113l\u0113jot kop\u0101 ar Alonso, vi\u0146\u0161 ir ar\u012b Pasaules kausa ieguv\u0113js un divk\u0101rt\u0113js Eiropas \u010dempions.<\/p>\n","protected":false},"excerpt":{"rendered":"Karalisk\u0101 kluba pirm\u0101s komandas vad\u012bbu p\u0101r\u0146ems Alvaro Arveloa, kur\u0161 l\u012bdz \u0161im vad\u012bja otro komandu. Pirms tam Arveloa str\u0101d\u0101ja&hellip;\n","protected":false},"author":2,"featured_media":102763,"comment_status":"","ping_status":"","sticky":false,"template":"","format":"standard","meta":{"footnotes":""},"categories":[17],"tags":[676,35,39,38,36,37,34,40,3630,24912,67],"class_list":{"0":"post-102762","1":"post","2":"type-post","3":"status-publish","4":"format-standard","5":"has-post-thumbnail","7":"category-sports","8":"tag-futbols","9":"tag-latvia","10":"tag-latvian","11":"tag-latviesu","12":"tag-latviesu-valoda","13":"tag-latviesuvaloda","14":"tag-latvija","15":"tag-lv","16":"tag-madrides-real","17":"tag-savjers-alonso","18":"tag-sports"},"share_on_mastodon":{"url":"https:\/\/pubeurope.com\/@lv\/115886712588695114","error":""},"_links":{"self":[{"href":"https:\/\/www.europesays.com\/lv\/wp-json\/wp\/v2\/posts\/102762","targetHints":{"allow":["GET"]}}],"collection":[{"href":"https:\/\/www.europesays.com\/lv\/wp-json\/wp\/v2\/posts"}],"about":[{"href":"https:\/\/www.europesays.com\/lv\/wp-json\/wp\/v2\/types\/post"}],"author":[{"embeddable":true,"href":"https:\/\/www.europesays.com\/lv\/wp-json\/wp\/v2\/users\/2"}],"replies":[{"embeddable":true,"href":"https:\/\/www.europesays.com\/lv\/wp-json\/wp\/v2\/comments?post=102762"}],"version-history":[{"count":0,"href":"https:\/\/www.europesays.com\/lv\/wp-json\/wp\/v2\/posts\/102762\/revisions"}],"wp:featuredmedia":[{"embeddable":true,"href":"https:\/\/www.europesays.com\/lv\/wp-json\/wp\/v2\/media\/102763"}],"wp:attachment":[{"href":"https:\/\/www.europesays.com\/lv\/wp-json\/wp\/v2\/media?parent=102762"}],"wp:term":[{"taxonomy":"category","embeddable":true,"href":"https:\/\/www.europesays.com\/lv\/wp-json\/wp\/v2\/categories?post=102762"},{"taxonomy":"post_tag","embeddable":true,"href":"https:\/\/www.europesays.com\/lv\/wp-json\/wp\/v2\/tags?post=102762"}],"curies":[{"name":"wp","href":"https:\/\/api.w.org\/{rel}","templated":true}]}}