{"id":102766,"date":"2026-01-13T08:00:07","date_gmt":"2026-01-13T08:00:07","guid":{"rendered":"https:\/\/www.europesays.com\/lv\/102766\/"},"modified":"2026-01-13T08:00:07","modified_gmt":"2026-01-13T08:00:07","slug":"beidzot-ielikts-ramis-darba-auto-majas-uzladei","status":"publish","type":"post","link":"https:\/\/www.europesays.com\/lv\/102766\/","title":{"rendered":"Beidzot ielikts r\u0101mis darba auto m\u0101jas uzl\u0101dei"},"content":{"rendered":"<p>Ja l\u012bdz \u0161im uz\u0146\u0113muma elektroauto uzl\u0101de m\u0101j\u0101s gr\u0101matved\u012bbai bija neatrisin\u0101ms jaut\u0101jums, tad 2025. gada beigas atnesa kaut ko retu: likumisko r\u0101mi. Vienlaikus Zieme\u013ceiropa turpina dar\u012bt to, ko Zieme\u013ceiropa prot vislab\u0101k: ar mier\u012bgu seju uzst\u0101d\u012bt standartus, kas p\u0101r\u0113jiem izklaus\u0101s p\u0113c zin\u0101tnisk\u0101s fantastikas.<\/p>\n<p>\u0160aj\u0101 epizod\u0113 K\u0101rlis un J\u0101nis saliek kop\u0101 tr\u012bs aspektus: Latvijas MK noteikumus, Zieme\u013ceiropas skaidro virzienu un \u0136\u012bnas interesantos l\u0113mumus.<\/p>\n<p>\u0160aj\u0101 epizod\u0113:<\/p>\n<ul class=\"wp-block-list\">\n<li>\u26a1 K\u0101 uz\u0146\u0113mumam kompens\u0113t darbiniekam elektroauto uzl\u0101di m\u0101j\u0101s un ko tie\u0161i prasa MK noteikumi Nr. 899 groz\u012bjumi?<\/li>\n<li>\ud83c\udde9\ud83c\uddf0 K\u0101p\u0113c D\u0101niju var saukt par \u201cjauno Norv\u0113\u0123iju\u201d un ko mums m\u0101ca vi\u0146u elektroauto \u012bpatsvara k\u0101pums starp smagajiem?<\/li>\n<li>\ud83c\uddf3\ud83c\uddf4 K\u0101 Norv\u0113\u0123ijas 2025. gada 95,9% BEV jauno auto \u012bpatsvars nav tikai \u201cbag\u0101to valstu kapr\u012bze\u201d, bet sist\u0113miska politika ar sek\u0101m?<\/li>\n<li>\ud83d\udd0b Ko noz\u012bm\u0113 \u0136\u012bnas ideja par energoefektivit\u0101tes griestiem un k\u0101 t\u0101 var piespiest ra\u017eot\u0101jus \u201cnomest taukus\u201d?<\/li>\n<li>\ud83d\udeaa Vai elektroniskie durvju rokturi ir dizains vai dro\u0161\u012bbas risks?<\/li>\n<li>\u26a1 Apskat\u0101m kl\u0101tien\u0113 Porsche Cayenne Electric. Vai Porsche ar \u0161o modeli sasniegs jaunus p\u0101rdo\u0161anas rekordus?<\/li>\n<\/ul>\n<p>Latvij\u0101 beidzot dr\u012bkst, bet\u2026<\/p>\n<p>Jau iepriek\u0161 Uzl\u0101d\u0113ts.lv public\u0113ja <a href=\"https:\/\/uzladets.lv\/uzladi-majas-tagad-vares-norakstit-uznemuma-izdevumos\/\" rel=\"nofollow noopener\" target=\"_blank\">\u013coti praktisku kopsavilkumu<\/a>: tagad pie noteiktiem priek\u0161nosac\u012bjumiem uz\u0146\u0113mums var darbiniekam kompens\u0113t uzl\u0101di dz\u012bvesviet\u0101. Ta\u010du epizod\u0113 izce\u013cam k\u0101 pras\u012bbu deta\u013cas (l\u012bgums uz darbinieka v\u0101rda, iek\u0161\u0113j\u0101 politika, apr\u0113\u0137inu lo\u0123ika) var b\u016bt s\u0101p\u012bgas tie\u0161i mazajiem\/vid\u0113jiem uz\u0146\u0113mumiem, kuriem \u201ciek\u0161\u0113j\u0101 politika\u201d bie\u017ei ir viena A4 lapa ar nosaukumu \u201cJ\u0101, m\u0113s ar\u012b esam norm\u0101li\u201d.<\/p>\n<p>Zieme\u013ceiropa un lielie skait\u013ci: kur m\u0113s b\u016bsim p\u0113c p\u0101ris gadiem?<\/p>\n<p>Norv\u0113\u0123ija 2025. gad\u0101 sasniedza 95,9% BEV jauno auto re\u0123istr\u0101cij\u0101s, decembr\u012b \u2013 teju 98%. Tas nav \u201cviena m\u0113ne\u0161a p\u012b\u0137is\u201d \u2013 t\u0101 ir sist\u0113m\u0101tiska pieeja, kur nodok\u013cu un stimulu arhitekt\u016bra gadiem konsekventi spie\u017e tirgu vien\u0101 virzien\u0101. Savuk\u0101rt D\u0101nija r\u0101da, ka augsts EV \u012bpatsvars var veidoties \u0101tri (90+% jau \u0161obr\u012bd), ja nodok\u013ci un uz\u0146\u0113mumu politika str\u0101d\u0101 vien\u0101 ritm\u0101.<\/p>\n<p>Epizodes mor\u0101le<\/p>\n<p>\u0160\u012bs epizodes \u201cmor\u0101le\u201d ir vienk\u0101r\u0161a: noteikumi beidzot tuvojas realit\u0101tei, bet realit\u0101te joproj\u0101m at\u0161\u0137iras no pap\u012bra \u2013 \u012bpa\u0161i ziem\u0101 un br\u012b\u017eos, kad gr\u0101matved\u012bbai j\u0101izskaidro, k\u0101p\u0113c priv\u0101tais elektr\u012bbas r\u0113\u0137ins p\u0113k\u0161\u0146i ir \u201cdarba izdevums\u201d. Paral\u0113li Zieme\u013ceiropa r\u0101da, ka, ja politiku b\u016bv\u0113 konsekventi, tad 95\u201398% vairs nav \u201ckosmoss\u201d, bet norma.<\/p>\n<p>Noklausies epizodi un uzraksti koment\u0101r\u0101: vai tav\u0101 uz\u0146\u0113mum\u0101 uzl\u0101des kompens\u0101cija m\u0101j\u0101s b\u016btu re\u0101li ievie\u0161ama? Piesakies Uzl\u0101d\u0113ts.lv podk\u0101stam, kas ir starp Top 20% podk\u0101stiem Latvij\u0101 (Spotify statistika), lai nepalaistu gar\u0101m n\u0101kamos jaunumus un elektroauto testus.<\/p>\n<p><a href=\"https:\/\/mistape.com\" target=\"_blank\" rel=\"nofollow noopener\" class=\"mistape-link mistape-logo\"><\/a><\/p>\n<p>Ja rakst\u0101 paman\u012bji k\u013c\u016bdu, padod mums par to zi\u0146u, iez\u012bm\u0113jot a\u010dg\u0101rno tekstu un nospie\u017eot Ctrl+Enter. Paldies!<\/p>\n<p>&#13;<br \/>\n                    0&#13;<br \/>\n                    0&#13;<br \/>\n                    balsojumi<\/p>\n<p>Raksta nov\u0113rt\u0113jums<\/p>\n<p>\t\tPost navigation<\/p>\n","protected":false},"excerpt":{"rendered":"Ja l\u012bdz \u0161im uz\u0146\u0113muma elektroauto uzl\u0101de m\u0101j\u0101s gr\u0101matved\u012bbai bija neatrisin\u0101ms jaut\u0101jums, tad 2025. gada beigas atnesa kaut ko&hellip;\n","protected":false},"author":2,"featured_media":102767,"comment_status":"","ping_status":"","sticky":false,"template":"","format":"standard","meta":{"footnotes":""},"categories":[16],"tags":[77,76,1220,1418,4213,35,39,38,36,37,34,13863,40,1419,9624,1221,2205,13866],"class_list":{"0":"post-102766","1":"post","2":"type-post","3":"status-publish","4":"format-standard","5":"has-post-thumbnail","7":"category-bizness","8":"tag-bizness","9":"tag-business","10":"tag-cayenne","11":"tag-danija","12":"tag-kina","13":"tag-latvia","14":"tag-latvian","15":"tag-latviesu","16":"tag-latviesu-valoda","17":"tag-latviesuvaloda","18":"tag-latvija","19":"tag-leab","20":"tag-lv","21":"tag-norvegija","22":"tag-podkasts","23":"tag-porsche","24":"tag-statistika","25":"tag-uzlade"},"share_on_mastodon":{"url":"https:\/\/pubeurope.com\/@lv\/115886740099241995","error":""},"_links":{"self":[{"href":"https:\/\/www.europesays.com\/lv\/wp-json\/wp\/v2\/posts\/102766","targetHints":{"allow":["GET"]}}],"collection":[{"href":"https:\/\/www.europesays.com\/lv\/wp-json\/wp\/v2\/posts"}],"about":[{"href":"https:\/\/www.europesays.com\/lv\/wp-json\/wp\/v2\/types\/post"}],"author":[{"embeddable":true,"href":"https:\/\/www.europesays.com\/lv\/wp-json\/wp\/v2\/users\/2"}],"replies":[{"embeddable":true,"href":"https:\/\/www.europesays.com\/lv\/wp-json\/wp\/v2\/comments?post=102766"}],"version-history":[{"count":0,"href":"https:\/\/www.europesays.com\/lv\/wp-json\/wp\/v2\/posts\/102766\/revisions"}],"wp:featuredmedia":[{"embeddable":true,"href":"https:\/\/www.europesays.com\/lv\/wp-json\/wp\/v2\/media\/102767"}],"wp:attachment":[{"href":"https:\/\/www.europesays.com\/lv\/wp-json\/wp\/v2\/media?parent=102766"}],"wp:term":[{"taxonomy":"category","embeddable":true,"href":"https:\/\/www.europesays.com\/lv\/wp-json\/wp\/v2\/categories?post=102766"},{"taxonomy":"post_tag","embeddable":true,"href":"https:\/\/www.europesays.com\/lv\/wp-json\/wp\/v2\/tags?post=102766"}],"curies":[{"name":"wp","href":"https:\/\/api.w.org\/{rel}","templated":true}]}}