{"id":102778,"date":"2026-01-13T08:14:10","date_gmt":"2026-01-13T08:14:10","guid":{"rendered":"https:\/\/www.europesays.com\/lv\/102778\/"},"modified":"2026-01-13T08:14:10","modified_gmt":"2026-01-13T08:14:10","slug":"notiks-1991-gada-barikazu-atceres-pasakumi","status":"publish","type":"post","link":"https:\/\/www.europesays.com\/lv\/102778\/","title":{"rendered":"Notiks 1991. gada barik\u0101\u017eu atceres pas\u0101kumi"},"content":{"rendered":"<p>\u0160ogad aprit 35 gadi, kop\u0161 1991. gada janv\u0101ra barik\u0101d\u0113m, kad Latvijas neatkar\u012bbas atbalst\u012bt\u0101ji nevardarb\u012bgi aizst\u0101v\u0113ja valsts br\u012bv\u012bbu pret milit\u0101riem uzbrukumiem un neatkar\u012bbas pretiniekiem. Janv\u0101ra barik\u0101\u017eu atcerei velt\u012bti pas\u0101kumi J\u016brmal\u0101 norisin\u0101sies pie Kauguru Kult\u016bras nama un J\u016brmalas Br\u012bvdabas muzej\u0101.<\/p>\n<p>17. janv\u0101r\u012b plkst.\u00a017.00 pie Kauguru Kult\u016bras nama (Rai\u0146a iel\u0101 110) notiks pas\u0101kums \u201cTikai kop\u0101\u201d \u2013 aicin\u0101ti pab\u016bt kop\u0101, ieklaus\u012bties un dal\u012bties atmi\u0146u st\u0101stos par barik\u0101\u017eu laiku, lai v\u0113sturisk\u0101 atmi\u0146a turpina dz\u012bvot n\u0101kamaj\u0101s paaudz\u0113s. Pas\u0101kum\u0101 piedal\u012bsies dziesminiece Anta En\u0123ele un Latvijas Nacion\u0101la te\u0101tra aktieris Raimonds Celms.<\/p>\n<p>24. janv\u0101r\u012b plkst. 17.00 aicin\u0101ti apmekl\u0113t barik\u0101\u017eu atceres pas\u0101kumu J\u016brmalas Br\u012bvdabas muzej\u0101 (T\u012bklu iel\u0101 1A), kur var\u0113s noklaus\u012bties J\u016brmalas muzeja p\u0113tnieces L\u012bgas Strazdas st\u0101st\u012bjumu par zvejas ku\u0123i \u201cUnd\u012bne\u201d barik\u0101\u017eu laik\u0101, notiks tik\u0161an\u0101s ar Jaunsardzes jaunatnes kust\u012bbas p\u0101rst\u0101vjiem un izskan\u0113s barik\u0101\u017eu laika dziesmas dzied\u0101t\u0101jas Ievas Akurateres un m\u016bzi\u0137a Leona S\u0113j\u0101na izpild\u012bjum\u0101.<\/p>\n<p>Janv\u0101ra barik\u0101des ir viens no spilgt\u0101kajiem Latvijas neatkar\u012bbas atg\u016b\u0161anas laika notikumiem \u2013 unik\u0101ls starptautiskas noz\u012bmes nevardarb\u012bgas preto\u0161an\u0101s piem\u0113rs, b\u016btiska Latvijas v\u0113stures sast\u0101vda\u013ca.\u00a0Barik\u0101\u017eu atceres diena ir k\u0101 atg\u0101din\u0101jums tam, ka Latvijas neatkar\u012bbas atjauno\u0161anai ir d\u0101rga cena, kas m\u0113r\u0101ma cilv\u0113ku dz\u012bv\u012bb\u0101m.<\/p>\n<p>Vair\u0101k inform\u0101cijas par 1991. gada barik\u0101d\u0113m \u2013 t\u012bmek\u013cvietn\u0113 <a data-external-link=\"TRUE\" href=\"https:\/\/www.barikades.lv\/\" target=\"_blank\" rel=\"nofollow noopener\">www.barikades.lv<\/a>.<\/p>\n","protected":false},"excerpt":{"rendered":"\u0160ogad aprit 35 gadi, kop\u0161 1991. gada janv\u0101ra barik\u0101d\u0113m, kad Latvijas neatkar\u012bbas atbalst\u012bt\u0101ji nevardarb\u012bgi aizst\u0101v\u0113ja valsts br\u012bv\u012bbu pret&hellip;\n","protected":false},"author":2,"featured_media":102779,"comment_status":"","ping_status":"","sticky":false,"template":"","format":"standard","meta":{"footnotes":""},"categories":[12],"tags":[23,28,29,32,33,22,30,31,35,39,38,36,37,34,40,20,26,27,24,25,21],"class_list":{"0":"post-102778","1":"post","2":"type-post","3":"status-publish","4":"format-standard","5":"has-post-thumbnail","7":"category-latvija","8":"tag-aktualitates","9":"tag-breaking-news","10":"tag-breakingnews","11":"tag-featured-news","12":"tag-featurednews","13":"tag-headlines","14":"tag-latest-news","15":"tag-latestnews","16":"tag-latvia","17":"tag-latvian","18":"tag-latviesu","19":"tag-latviesu-valoda","20":"tag-latviesuvaloda","21":"tag-latvija","22":"tag-lv","23":"tag-news","24":"tag-popularakas-zinas","25":"tag-popularakaszinas","26":"tag-top-stories","27":"tag-topstories","28":"tag-zinas"},"share_on_mastodon":{"url":"https:\/\/pubeurope.com\/@lv\/115886795219696509","error":""},"_links":{"self":[{"href":"https:\/\/www.europesays.com\/lv\/wp-json\/wp\/v2\/posts\/102778","targetHints":{"allow":["GET"]}}],"collection":[{"href":"https:\/\/www.europesays.com\/lv\/wp-json\/wp\/v2\/posts"}],"about":[{"href":"https:\/\/www.europesays.com\/lv\/wp-json\/wp\/v2\/types\/post"}],"author":[{"embeddable":true,"href":"https:\/\/www.europesays.com\/lv\/wp-json\/wp\/v2\/users\/2"}],"replies":[{"embeddable":true,"href":"https:\/\/www.europesays.com\/lv\/wp-json\/wp\/v2\/comments?post=102778"}],"version-history":[{"count":0,"href":"https:\/\/www.europesays.com\/lv\/wp-json\/wp\/v2\/posts\/102778\/revisions"}],"wp:featuredmedia":[{"embeddable":true,"href":"https:\/\/www.europesays.com\/lv\/wp-json\/wp\/v2\/media\/102779"}],"wp:attachment":[{"href":"https:\/\/www.europesays.com\/lv\/wp-json\/wp\/v2\/media?parent=102778"}],"wp:term":[{"taxonomy":"category","embeddable":true,"href":"https:\/\/www.europesays.com\/lv\/wp-json\/wp\/v2\/categories?post=102778"},{"taxonomy":"post_tag","embeddable":true,"href":"https:\/\/www.europesays.com\/lv\/wp-json\/wp\/v2\/tags?post=102778"}],"curies":[{"name":"wp","href":"https:\/\/api.w.org\/{rel}","templated":true}]}}