{"id":102781,"date":"2026-01-13T08:17:08","date_gmt":"2026-01-13T08:17:08","guid":{"rendered":"https:\/\/www.europesays.com\/lv\/102781\/"},"modified":"2026-01-13T08:17:08","modified_gmt":"2026-01-13T08:17:08","slug":"jekabpils-sportisti-izcina-godalgas-un-400-metru-skrejiena-uzstada-latvijas-rekordu-jekabpils-laiks-jekabpils-zinas","status":"publish","type":"post","link":"https:\/\/www.europesays.com\/lv\/102781\/","title":{"rendered":"J\u0113kabpils sportisti izc\u012bna godalgas un 400 metru skr\u0113jien\u0101 uzst\u0101da Latvijas rekordu \/ J\u0113kabpils Laiks: J\u0113kabpils zi\u0146as"},"content":{"rendered":"<p>Aizvad\u012bt\u0101 ned\u0113\u013cas nogale vieglatl\u0113tik\u0101 iez\u012bm\u0113j\u0101s ar vair\u0101kiem augstv\u0113rt\u012bgiem rezult\u0101tiem, tostarp person\u012bgajiem rekordiem, godalg\u0101m un jauna Latvijas rekorda telp\u0101s sasnieg\u0161anu.<\/p>\n<p>Sestdien, 10. janv\u0101r\u012b, Valmier\u0101 norisin\u0101j\u0101s pirm\u0101s \u0161\u012b gada LVS \u201eSportland\u201d kausa sacens\u012bbas, kur\u0101s start\u0113ja U18 un pieaugu\u0161o vecuma grupu sportisti. 400 metru skr\u0113jien\u0101 sudraba godalgu ar rezult\u0101tu 47,65 sekundes izc\u012bn\u012bja Em\u012bls Lambs, vienlaikus uzst\u0101dot jaunu Latvijas rekordu telp\u0101s \u0161aj\u0101 distanc\u0113.<\/p>\n<p>Savuk\u0101rt sv\u0113tdien Valmieras novada \u010dempion\u0101t\u0101 pieaugu\u0161ajiem J\u0113kabpils Sporta skolas sportisti ieguva divas godalgotas vietas. Augstl\u0113k\u0161an\u0101 uzvaru ar rezult\u0101tu 1,92 metri izc\u012bn\u012bja Daniels \u0122iedris, bet tre\u0161o vietu ar rezult\u0101tu 1,58 metri ieguva Linda Zem\u012bte.<\/p>\n<p>Taj\u0101 pa\u0161\u0101 laik\u0101 Ogr\u0113 notika sacens\u012bbas U16 vecuma grupai. Lauma Sola izc\u012bn\u012bja pirmo vietu 300 metru skr\u0113jien\u0101 (44,21 s) un otro vietu 60 metru skr\u0113jien\u0101 (8,34 s). Kristers Piliens ieguva otro vietu 300 metru distanc\u0113 (39,35 s) un tre\u0161o vietu 60 metru skr\u0113jien\u0101 ar rezult\u0101tu 7,76 sekundes.<\/p>\n<p>J\u0113kabpils Sporta skolas audz\u0113k\u0146i sacens\u012bb\u0101s demonstr\u0113ja konkur\u0113tsp\u0113j\u012bgu sniegumu da\u017e\u0101d\u0101s vecuma grup\u0101s.<\/p>\n","protected":false},"excerpt":{"rendered":"Aizvad\u012bt\u0101 ned\u0113\u013cas nogale vieglatl\u0113tik\u0101 iez\u012bm\u0113j\u0101s ar vair\u0101kiem augstv\u0113rt\u012bgiem rezult\u0101tiem, tostarp person\u012bgajiem rekordiem, godalg\u0101m un jauna Latvijas rekorda telp\u0101s&hellip;\n","protected":false},"author":2,"featured_media":102782,"comment_status":"","ping_status":"","sticky":false,"template":"","format":"standard","meta":{"footnotes":""},"categories":[17],"tags":[987,986,35,39,38,36,37,34,40,67],"class_list":{"0":"post-102781","1":"post","2":"type-post","3":"status-publish","4":"format-standard","5":"has-post-thumbnail","7":"category-sports","8":"tag-jekabpils-zinas","9":"tag-jekabpilslaiks","10":"tag-latvia","11":"tag-latvian","12":"tag-latviesu","13":"tag-latviesu-valoda","14":"tag-latviesuvaloda","15":"tag-latvija","16":"tag-lv","17":"tag-sports"},"share_on_mastodon":{"url":"https:\/\/pubeurope.com\/@lv\/115886806937543132","error":""},"_links":{"self":[{"href":"https:\/\/www.europesays.com\/lv\/wp-json\/wp\/v2\/posts\/102781","targetHints":{"allow":["GET"]}}],"collection":[{"href":"https:\/\/www.europesays.com\/lv\/wp-json\/wp\/v2\/posts"}],"about":[{"href":"https:\/\/www.europesays.com\/lv\/wp-json\/wp\/v2\/types\/post"}],"author":[{"embeddable":true,"href":"https:\/\/www.europesays.com\/lv\/wp-json\/wp\/v2\/users\/2"}],"replies":[{"embeddable":true,"href":"https:\/\/www.europesays.com\/lv\/wp-json\/wp\/v2\/comments?post=102781"}],"version-history":[{"count":0,"href":"https:\/\/www.europesays.com\/lv\/wp-json\/wp\/v2\/posts\/102781\/revisions"}],"wp:featuredmedia":[{"embeddable":true,"href":"https:\/\/www.europesays.com\/lv\/wp-json\/wp\/v2\/media\/102782"}],"wp:attachment":[{"href":"https:\/\/www.europesays.com\/lv\/wp-json\/wp\/v2\/media?parent=102781"}],"wp:term":[{"taxonomy":"category","embeddable":true,"href":"https:\/\/www.europesays.com\/lv\/wp-json\/wp\/v2\/categories?post=102781"},{"taxonomy":"post_tag","embeddable":true,"href":"https:\/\/www.europesays.com\/lv\/wp-json\/wp\/v2\/tags?post=102781"}],"curies":[{"name":"wp","href":"https:\/\/api.w.org\/{rel}","templated":true}]}}