{"id":102794,"date":"2026-01-13T08:31:17","date_gmt":"2026-01-13T08:31:17","guid":{"rendered":"https:\/\/www.europesays.com\/lv\/102794\/"},"modified":"2026-01-13T08:31:17","modified_gmt":"2026-01-13T08:31:17","slug":"sankciju-apiesana-naftas-tankkugi-maina-karogus","status":"publish","type":"post","link":"https:\/\/www.europesays.com\/lv\/102794\/","title":{"rendered":"Sankciju apie\u0161ana: Naftas tankku\u0123i maina karogus"},"content":{"rendered":"<p class=\"descr\">Kop\u0161 \u0161\u0101 gada s\u0101kuma 15 \u0113nu flotes tankku\u0123i, kas p\u0101rvad\u0101 naftu, kurai noteiktas sankcijas, ir nomain\u012bju\u0161i karogu pret Krievijas karogu, raksta av\u012bze &#8220;The Wall Street Journal&#8221;, atsaucoties uz &#8220;Lloyd\u02bcs List Intelligence&#8221; datiem.<\/p>\n<p>K\u0101 nor\u0101da ku\u0123niec\u012bbas izdevuma &#8220;Lloyd\u02bcs List&#8221; galvenais redaktors Ri\u010dards M\u012bds, izmantojot Krievijas karogu, &#8220;<a href=\"https:\/\/nra.lv\/birka\/enu-flote\/\" target=\"_blank\" rel=\"noopener nofollow\">\u0113nu flotes<\/a>&#8221; ku\u0123i cer pasarg\u0101t sevi no pas\u0101kumiem, ko pret tiem var\u0113tu v\u0113rst ASV, kas ir pastiprin\u0101ju\u0161as c\u012b\u0146u pret Venecu\u0113las naftas eksportu, kas p\u0101rk\u0101pj sankcijas.<\/p>\n<p>Saska\u0146\u0101 ar &#8220;S&amp;P Global Market Intelligence&#8221; datiem 2025. gada p\u0113d\u0113jos tr\u012bs m\u0113ne\u0161os v\u0113l 25 tankku\u0123i main\u012bju\u0161i karogu pret Krievijas karogu. No tiem 18 to izdar\u012bju\u0161i decembr\u012b, un 16 no \u0161iem ku\u0123iem noteiktas Lielbrit\u0101nijas vai ASV sankcijas.<\/p>\n<p>Karoga mai\u0146as likum\u012bba reisa laik\u0101 no starptautisko j\u016bras ties\u012bbu viedok\u013ca ir ap\u0161aub\u0101ma, nor\u0101da S&amp;P.<\/p>\n<blockquote><p>&#8220;The Wall Street Journal&#8221; raksta, ka l\u012bdz ned\u0113\u013cas nogalei ASV jau bija aiztur\u0113ju\u0161as piecus &#8220;\u0113nu flotes&#8221; naftas tankku\u0123us, kuriem ir da\u017e\u0101di karogi. To vid\u016b ir ar\u012b tankku\u0123is &#8220;Marinera&#8221;, kuram p\u0113c tam, kad to Venecu\u0113las piekrast\u0113 bija s\u0101kusi vaj\u0101t ASV krasta apsardze, tika main\u012bts nosaukums un tas tika re\u0123istr\u0113ts Krievij\u0101.<\/p><\/blockquote>\n<p>\u0112nu flote p\u0101rvad\u0101 naftu no t\u0101d\u0101m valst\u012bm k\u0101 Venecu\u0113la, Krievija un Ir\u0101na, t\u0101d\u0113j\u0101di p\u0101rk\u0101pjot ASV sankcijas.<\/p>\n<p>\t\t\t\t\t\tinfo<\/p>\n<p>Uzzini pirmais<br \/>kas interesants noticis Latvij\u0101 un pasaul\u0113,<br \/>pievienojoties mums <a href=\"https:\/\/t.me\/neatkariga\" rel=\"nofollow\">Telegram<\/a> vai <a href=\"https:\/\/whatsapp.com\/channel\/0029VaMLFUH5K3zLU5s4wm3y\" rel=\"nofollow noopener\" target=\"_blank\">Whatsapp<\/a> kan\u0101l\u0101<\/p>\n","protected":false},"excerpt":{"rendered":"Kop\u0161 \u0161\u0101 gada s\u0101kuma 15 \u0113nu flotes tankku\u0123i, kas p\u0101rvad\u0101 naftu, kurai noteiktas sankcijas, ir nomain\u012bju\u0161i karogu pret&hellip;\n","protected":false},"author":2,"featured_media":102795,"comment_status":"","ping_status":"","sticky":false,"template":"","format":"standard","meta":{"footnotes":""},"categories":[14],"tags":[23,57,28,29,32,33,22,30,31,35,39,38,36,37,34,40,20,26,27,24,25,54,55,56,21,58],"class_list":{"0":"post-102794","1":"post","2":"type-post","3":"status-publish","4":"format-standard","5":"has-post-thumbnail","7":"category-zinas-no-arvalstim","8":"tag-aktualitates","9":"tag-arvalstim","10":"tag-breaking-news","11":"tag-breakingnews","12":"tag-featured-news","13":"tag-featurednews","14":"tag-headlines","15":"tag-latest-news","16":"tag-latestnews","17":"tag-latvia","18":"tag-latvian","19":"tag-latviesu","20":"tag-latviesu-valoda","21":"tag-latviesuvaloda","22":"tag-latvija","23":"tag-lv","24":"tag-news","25":"tag-popularakas-zinas","26":"tag-popularakaszinas","27":"tag-top-stories","28":"tag-topstories","29":"tag-world","30":"tag-world-news","31":"tag-worldnews","32":"tag-zinas","33":"tag-zinas-no-arvalstim"},"share_on_mastodon":{"url":"https:\/\/pubeurope.com\/@lv\/115886862010854641","error":""},"_links":{"self":[{"href":"https:\/\/www.europesays.com\/lv\/wp-json\/wp\/v2\/posts\/102794","targetHints":{"allow":["GET"]}}],"collection":[{"href":"https:\/\/www.europesays.com\/lv\/wp-json\/wp\/v2\/posts"}],"about":[{"href":"https:\/\/www.europesays.com\/lv\/wp-json\/wp\/v2\/types\/post"}],"author":[{"embeddable":true,"href":"https:\/\/www.europesays.com\/lv\/wp-json\/wp\/v2\/users\/2"}],"replies":[{"embeddable":true,"href":"https:\/\/www.europesays.com\/lv\/wp-json\/wp\/v2\/comments?post=102794"}],"version-history":[{"count":0,"href":"https:\/\/www.europesays.com\/lv\/wp-json\/wp\/v2\/posts\/102794\/revisions"}],"wp:featuredmedia":[{"embeddable":true,"href":"https:\/\/www.europesays.com\/lv\/wp-json\/wp\/v2\/media\/102795"}],"wp:attachment":[{"href":"https:\/\/www.europesays.com\/lv\/wp-json\/wp\/v2\/media?parent=102794"}],"wp:term":[{"taxonomy":"category","embeddable":true,"href":"https:\/\/www.europesays.com\/lv\/wp-json\/wp\/v2\/categories?post=102794"},{"taxonomy":"post_tag","embeddable":true,"href":"https:\/\/www.europesays.com\/lv\/wp-json\/wp\/v2\/tags?post=102794"}],"curies":[{"name":"wp","href":"https:\/\/api.w.org\/{rel}","templated":true}]}}