{"id":102796,"date":"2026-01-13T08:34:03","date_gmt":"2026-01-13T08:34:03","guid":{"rendered":"https:\/\/www.europesays.com\/lv\/102796\/"},"modified":"2026-01-13T08:34:03","modified_gmt":"2026-01-13T08:34:03","slug":"aktieris-maksims-busels-parsteidz-skat-ko-vins-dara-uz-ledus-santa","status":"publish","type":"post","link":"https:\/\/www.europesays.com\/lv\/102796\/","title":{"rendered":"Aktieris Maksims Busels p\u0101rsteidz. Skat, ko vi\u0146\u0161 dara uz ledus! \u2014 Santa"},"content":{"rendered":"<p>talant\u012bgais <a data-id=\"128707\" href=\"https:\/\/www.santa.lv\/tema\/128707\/aktieris?utm_source=internal&amp;utm_medium=article&amp;utm_campaign=theme_link\" target=\"_blank\" rel=\"nofollow noopener\">aktieris<\/a> Maksims Busels ir neapturams savos rado\u0161ajos eksperimentos.\u00a0Janv\u0101r\u012b nosl\u0113gu\u0161ies film\u0113\u0161anas darbi m\u016bzikas videoklipam dziesmai Aust un riet \u2013 pirmajai autordziesmai, kuru dziedo\u0161ais aktieris Maksims Busels rad\u012bjis un izpilda latvie\u0161u valod\u0101.<\/p>\n<p>\u00a0<\/p>\n<p>                    <a data-role=\"gallery.trigger\" href=\"https:\/\/www.santa.lv\/raksts\/personibas\/foto-aktieris-maksims-busels-parsteidz.-skat-ko-vins-dara-uz-ledus-80149\/javascript:;\" style=\"background-image:url(&#039;https:\/\/cdn.santa.lv\/media\/2026\/01\/2\/xlarge\/c34787806f98.jpg&#039;)\" aria-label=\"Atv\u0113rt galeriju\" rel=\"nofollow noopener\" target=\"_blank\"><\/p>\n<p>                                            <a data-role=\"gallery.trigger\" href=\"https:\/\/www.santa.lv\/raksts\/personibas\/foto-aktieris-maksims-busels-parsteidz.-skat-ko-vins-dara-uz-ledus-80149\/javascript:;\" style=\"background-image:url(&#039;https:\/\/cdn.santa.lv\/media\/2026\/01\/2\/small\/14a1f47c68b2.jpg&#039;)\" aria-label=\"Atv\u0113rt galeriju\" rel=\"nofollow noopener\" target=\"_blank\"><br \/>\n                                                    <\/a><br \/>\n                                                <a data-role=\"gallery.trigger\" href=\"https:\/\/www.santa.lv\/raksts\/personibas\/foto-aktieris-maksims-busels-parsteidz.-skat-ko-vins-dara-uz-ledus-80149\/javascript:;\" style=\"background-image:url(&#039;https:\/\/cdn.santa.lv\/media\/2026\/01\/2\/small\/0854f110f46b.jpg&#039;)\" aria-label=\"Atv\u0113rt galeriju\" rel=\"nofollow noopener\" target=\"_blank\"><br \/>\n                                                    <\/a><br \/>\n                                                <a data-role=\"gallery.trigger\" href=\"https:\/\/www.santa.lv\/raksts\/personibas\/foto-aktieris-maksims-busels-parsteidz.-skat-ko-vins-dara-uz-ledus-80149\/javascript:;\" style=\"background-image:url(&#039;https:\/\/cdn.santa.lv\/media\/2026\/01\/2\/small\/98be7b4e1e9b.jpg&#039;)\" aria-label=\"Atv\u0113rt galeriju\" rel=\"nofollow noopener\" target=\"_blank\"><br \/>\n                            +2                        <\/a><\/p>\n<p>\u00a0<\/p>\n<p>Dziesmas pirmizr\u0101de notiks 24. janv\u0101r\u012b ikgad\u0113j\u0101 m\u016bzikas ceremonij\u0101 Muzik\u0101l\u0101 Banka 2025, un uzreiz p\u0113c tam b\u016bs ar\u012b jaun\u0101 videoklipa pirmizr\u0101de.<\/p>\n<p>Videoklipa film\u0113\u0161ana notika Volvo Sporta centra ledus hall\u0113. Galvenaj\u0101s lom\u0101s redzami dai\u013cslidot\u0101ji \u2013 godalgoto vietu ieguv\u0113ji Fedirs Kuli\u0161s, Latvijas dai\u013cslidot\u0101js, kur\u0161 l\u012bdz 2022. gadam p\u0101rst\u0101v\u0113ja Ukrainu, un Kira Baranovska, viena no vado\u0161aj\u0101m Latvijas junioru dai\u013cslidot\u0101j\u0101m.<\/p>\n<p>Videoklipu veidojis re\u017eisors Ruslans Fradkins, producente \u0145ika Stepanova.<\/p>\n","protected":false},"excerpt":{"rendered":"talant\u012bgais aktieris Maksims Busels ir neapturams savos rado\u0161ajos eksperimentos.\u00a0Janv\u0101r\u012b nosl\u0113gu\u0161ies film\u0113\u0161anas darbi m\u016bzikas videoklipam dziesmai Aust un riet&hellip;\n","protected":false},"author":2,"featured_media":102797,"comment_status":"","ping_status":"","sticky":false,"template":"","format":"standard","meta":{"footnotes":""},"categories":[19],"tags":[89,90,35,39,38,36,37,34,40],"class_list":{"0":"post-102796","1":"post","2":"type-post","3":"status-publish","4":"format-standard","5":"has-post-thumbnail","7":"category-izklaide","8":"tag-entertainment","9":"tag-izklaide","10":"tag-latvia","11":"tag-latvian","12":"tag-latviesu","13":"tag-latviesu-valoda","14":"tag-latviesuvaloda","15":"tag-latvija","16":"tag-lv"},"share_on_mastodon":{"url":"https:\/\/pubeurope.com\/@lv\/115886873849874990","error":""},"_links":{"self":[{"href":"https:\/\/www.europesays.com\/lv\/wp-json\/wp\/v2\/posts\/102796","targetHints":{"allow":["GET"]}}],"collection":[{"href":"https:\/\/www.europesays.com\/lv\/wp-json\/wp\/v2\/posts"}],"about":[{"href":"https:\/\/www.europesays.com\/lv\/wp-json\/wp\/v2\/types\/post"}],"author":[{"embeddable":true,"href":"https:\/\/www.europesays.com\/lv\/wp-json\/wp\/v2\/users\/2"}],"replies":[{"embeddable":true,"href":"https:\/\/www.europesays.com\/lv\/wp-json\/wp\/v2\/comments?post=102796"}],"version-history":[{"count":0,"href":"https:\/\/www.europesays.com\/lv\/wp-json\/wp\/v2\/posts\/102796\/revisions"}],"wp:featuredmedia":[{"embeddable":true,"href":"https:\/\/www.europesays.com\/lv\/wp-json\/wp\/v2\/media\/102797"}],"wp:attachment":[{"href":"https:\/\/www.europesays.com\/lv\/wp-json\/wp\/v2\/media?parent=102796"}],"wp:term":[{"taxonomy":"category","embeddable":true,"href":"https:\/\/www.europesays.com\/lv\/wp-json\/wp\/v2\/categories?post=102796"},{"taxonomy":"post_tag","embeddable":true,"href":"https:\/\/www.europesays.com\/lv\/wp-json\/wp\/v2\/tags?post=102796"}],"curies":[{"name":"wp","href":"https:\/\/api.w.org\/{rel}","templated":true}]}}