{"id":102800,"date":"2026-01-13T08:37:18","date_gmt":"2026-01-13T08:37:18","guid":{"rendered":"https:\/\/www.europesays.com\/lv\/102800\/"},"modified":"2026-01-13T08:37:18","modified_gmt":"2026-01-13T08:37:18","slug":"ungarija-pieskirusi-patverumu-bijusajam-polijas-tieslietu-ministram","status":"publish","type":"post","link":"https:\/\/www.europesays.com\/lv\/102800\/","title":{"rendered":"Ung\u0101rija pie\u0161\u0137\u012brusi patv\u0113rumu biju\u0161ajam Polijas tieslietu ministram &#8211;"},"content":{"rendered":"<p style=\"text-align: justify;\">Ung\u0101rija pie\u0161\u0137\u012brusi patv\u0113rumu biju\u0161ajam Polijas tislietu ministram Zbig\u0146evam Zjobro (Zbigniew Ziobro), t\u0101d\u0113j\u0101di palielinot plaisu starp Var\u0161avu un Budape\u0161tu, raksta zi\u0146u a\u0123ent\u016bra <a href=\"https:\/\/www.reuters.com\/world\/former-polish-minister-ziobro-says-he-has-been-granted-asylum-hungary-2026-01-12\/\" target=\"_blank\" rel=\"noopener nofollow\">\u201cReuters.\u201d<\/a><\/p>\n<p style=\"text-align: justify;\">Polija, kur\u0101 lab\u0113jie sp\u0113ki 2023.gad\u0101 zaud\u0113ja varas poz\u012bcijas, mekl\u0113jusi iesp\u0113jas ties\u0101t biju\u0161o tieslietu ministru, kur\u0161 bija tiesu sist\u0113mas p\u0101rmai\u0146u autors. Eiropas Savien\u012bba ilgsto\u0161i nor\u0101d\u012bjusi, ka p\u0101rmai\u0146as apdraud\u0113ja tiesiskumu valst\u012b laik\u0101, kad Poliju vad\u012bja lab\u0113ji konservat\u012bv\u0101 partija \u201cLikums un taisn\u012bgums\u201d (PiS).<\/p>\n<p style=\"text-align: justify;\">Ung\u0101rija, kur\u0101 jau ilgu laiku varas gro\u017ei ir Viktora Orb\u0101na (Viktor Orban) rok\u0101s, ir bijusi PiS sena sabiedrot\u0101, lai gan attiec\u012bbas sa\u0161\u0137ob\u012bj\u0101s p\u0113c Krievijas iebrukuma Ukrain\u0101 2022.gada febru\u0101r\u012b, jo po\u013ci stingri iest\u0101jas par atbalstu ukrai\u0146iem, savuk\u0101rt Ung\u0101rijas vald\u012bba grib saglab\u0101t draudz\u012bgas attiec\u012bbas ar Kremli. Ung\u0101rija vair\u0101kk\u0101rt aps\u016bdz\u0113jusi eiropeiski virz\u012bto Polijas vald\u012bbu par politsko oponentu vaj\u0101\u0161anu.<\/p>\n<p style=\"text-align: justify;\">Zjobro platform\u0101 \u201cX\u201d 12.janv\u0101r\u012b rakst\u012bja, ka nol\u0113mis politsko represiju d\u0113\u013c pie\u0146emt Ung\u0101rijas vald\u012bbas pied\u0101v\u0101to patv\u0113rumu, un esot ar\u012b piepras\u012bjis patv\u0113ruma pie\u0161\u0137ir\u0161anu savai sievai.<\/p>\n<p style=\"text-align: justify;\">P\u0113c tam, kad Ung\u0101rija janv\u0101ra s\u0101kum\u0101 inform\u0113ja ES valstis, ka nol\u0113musi pied\u0101v\u0101t politisko patv\u0113rumu diviem po\u013ciem (tiesa, nenosaucot konkr\u0113tus v\u0101rdus), Polija pret to iebilda, un<\/p>\n<blockquote>\n<p style=\"text-align: center;\">apstiprin\u0101jums, ka patv\u0113rums pie\u0161\u0137irts Zjobro, izsaucis Polijas vald\u012bbas izsmieklu.<\/p>\n<\/blockquote>\n<p style=\"text-align: justify;\">Polijas iek\u0161lietu ministrs Toma\u0161s Semo\u0146aks (Tomasz Siemoniak) \u201cX\u201d rakst\u012bja, ka biju\u0161ais tieslietu ministrs k\u0101 g\u013c\u0113vulis b\u0113g no Polijas tieslietu sist\u0113mas, un zem\u0101k vairs neesot, kur krist.<\/p>\n<p style=\"text-align: justify;\">Tikm\u0113r Ung\u0101rijas \u0101rlietu ministrs P\u0113ters Sij\u0101rto (P\u00e9ter Szijj\u00e1rt\u00f3) apstiprin\u0101jis, ka Budape\u0161ta apstiprin\u0101jusi da\u017eus patv\u0113ruma l\u016bgumus no Polijas, piebilda, ka Polij\u0101 daudzi cilv\u0113ki saskaroties ar politisko vaj\u0101\u0161anu.<\/p>\n<p style=\"text-align: justify;\">Polijas premjerministra Donalda Tuska (Donald Tusk) proeiropeisk\u0101 vald\u012bba sol\u012bjusies saukt pie atbild\u012bbas PiS p\u0101rst\u0101vjus, kas aps\u016bdz\u0113ti kait\u0113\u0161an\u0101 tieslietu sist\u0113mai. Zjobro ir l\u012bdz \u0161im augst\u0101k\u0101 bijus\u012b amatpersona, kam piev\u0113rsta prokurat\u016bras uzman\u012bba. Vi\u0146\u0161 ir aps\u016bdz\u0113ts par l\u012bdzek\u013cu izsaimnieko\u0161anu no fonda, kas bija paredz\u0113ts, lai sniegtu pal\u012bdz\u012bbu noziegumu upuriem, tostarp par \u0161iem l\u012bdzek\u013ciem ieg\u0101d\u0101joties spiego\u0161anas programmat\u016bru \u201cPegasus,\u201d ar kuru var infic\u0113t mobilos telefonus. T\u0101 esot tikusi izmantota politisko oponentu izspiego\u0161anai.<\/p>\n<p style=\"text-align: justify;\">Zjobro apgalvo, ka ir politisko \u201craganu med\u012bbu\u201d upuris, jo, esot \u0123ener\u0101lprokurora amat\u0101, vi\u0146\u0161 esot uzs\u0101cis izmekl\u0113\u0161anu par Tuskam piesaist\u012bt\u0101m person\u0101m.<\/p>\n<p style=\"text-align: justify;\"><a href=\"https:\/\/bnn.lv\/igaunija-liedz-ukraina-karojusajiem-krievijas-pilsoniem-iebrauksanu-valsti-68908\" target=\"_blank\" rel=\"noopener nofollow\">Lasiet ar\u012b: Igaunija liedz Ukrain\u0101 karoju\u0161ajiem Krievijas pilso\u0146iem iebrauk\u0161anu valst\u012b<\/a><\/p>\n<p>Seko mums ar\u012b\u00a0<a href=\"https:\/\/www.facebook.com\/bnnlv\" rel=\"nofollow noopener\" target=\"_blank\">Facebook<\/a>,\u00a0<a href=\"https:\/\/www.draugiem.lv\/bnn.lv\/\" rel=\"nofollow noopener\" target=\"_blank\">Draugiem<\/a>\u00a0un\u00a0<a href=\"https:\/\/twitter.com\/home\" rel=\"nofollow noopener\" target=\"_blank\">X<\/a>!<\/p>\n<p><script async src=\"https:\/\/platform.twitter.com\/widgets.js\" charset=\"utf-8\"><\/script><\/p>\n","protected":false},"excerpt":{"rendered":"Ung\u0101rija pie\u0161\u0137\u012brusi patv\u0113rumu biju\u0161ajam Polijas tislietu ministram Zbig\u0146evam Zjobro (Zbigniew Ziobro), t\u0101d\u0113j\u0101di palielinot plaisu starp Var\u0161avu un Budape\u0161tu,&hellip;\n","protected":false},"author":2,"featured_media":102801,"comment_status":"","ping_status":"","sticky":false,"template":"","format":"standard","meta":{"footnotes":""},"categories":[14],"tags":[23,57,28,29,32,33,22,30,31,35,39,38,36,37,34,40,20,26,27,24,25,54,55,56,21,58],"class_list":{"0":"post-102800","1":"post","2":"type-post","3":"status-publish","4":"format-standard","5":"has-post-thumbnail","7":"category-zinas-no-arvalstim","8":"tag-aktualitates","9":"tag-arvalstim","10":"tag-breaking-news","11":"tag-breakingnews","12":"tag-featured-news","13":"tag-featurednews","14":"tag-headlines","15":"tag-latest-news","16":"tag-latestnews","17":"tag-latvia","18":"tag-latvian","19":"tag-latviesu","20":"tag-latviesu-valoda","21":"tag-latviesuvaloda","22":"tag-latvija","23":"tag-lv","24":"tag-news","25":"tag-popularakas-zinas","26":"tag-popularakaszinas","27":"tag-top-stories","28":"tag-topstories","29":"tag-world","30":"tag-world-news","31":"tag-worldnews","32":"tag-zinas","33":"tag-zinas-no-arvalstim"},"share_on_mastodon":{"url":"https:\/\/pubeurope.com\/@lv\/115886885585354553","error":""},"_links":{"self":[{"href":"https:\/\/www.europesays.com\/lv\/wp-json\/wp\/v2\/posts\/102800","targetHints":{"allow":["GET"]}}],"collection":[{"href":"https:\/\/www.europesays.com\/lv\/wp-json\/wp\/v2\/posts"}],"about":[{"href":"https:\/\/www.europesays.com\/lv\/wp-json\/wp\/v2\/types\/post"}],"author":[{"embeddable":true,"href":"https:\/\/www.europesays.com\/lv\/wp-json\/wp\/v2\/users\/2"}],"replies":[{"embeddable":true,"href":"https:\/\/www.europesays.com\/lv\/wp-json\/wp\/v2\/comments?post=102800"}],"version-history":[{"count":0,"href":"https:\/\/www.europesays.com\/lv\/wp-json\/wp\/v2\/posts\/102800\/revisions"}],"wp:featuredmedia":[{"embeddable":true,"href":"https:\/\/www.europesays.com\/lv\/wp-json\/wp\/v2\/media\/102801"}],"wp:attachment":[{"href":"https:\/\/www.europesays.com\/lv\/wp-json\/wp\/v2\/media?parent=102800"}],"wp:term":[{"taxonomy":"category","embeddable":true,"href":"https:\/\/www.europesays.com\/lv\/wp-json\/wp\/v2\/categories?post=102800"},{"taxonomy":"post_tag","embeddable":true,"href":"https:\/\/www.europesays.com\/lv\/wp-json\/wp\/v2\/tags?post=102800"}],"curies":[{"name":"wp","href":"https:\/\/api.w.org\/{rel}","templated":true}]}}