{"id":102806,"date":"2026-01-13T08:43:07","date_gmt":"2026-01-13T08:43:07","guid":{"rendered":"https:\/\/www.europesays.com\/lv\/102806\/"},"modified":"2026-01-13T08:43:07","modified_gmt":"2026-01-13T08:43:07","slug":"kadirovs-mirst-atklats-maskavas-ricibas-plans","status":"publish","type":"post","link":"https:\/\/www.europesays.com\/lv\/102806\/","title":{"rendered":"Kadirovs mirst &#8211; atkl\u0101ts Maskavas r\u012bc\u012bbas pl\u0101ns"},"content":{"rendered":"<p>Kadirovs nepiedal\u012bj\u0101s s\u0113d\u0113 un nepar\u0101d\u012bj\u0101s nevien\u0101 no ofici\u0101laj\u0101m pas\u0101kuma fotogr\u0101fij\u0101m, kuras public\u0113ja Kremlis. \u010ce\u010denijas amatpersonas, bet v\u0113l\u0101k ar\u012b pats Kadirovs \u0161os zi\u0146ojumus noliedza. Tom\u0113r l\u012bderis, kur\u0161 ir viens no dedz\u012bg\u0101kajiem Putina kara Ukrain\u0101 atbalst\u012bt\u0101jiem, pag\u0101ju\u0161aj\u0101 m\u0113nes\u012b, \u0161\u0137iet, netie\u0161i nor\u0101d\u012bja, ka vi\u0146am var\u0113tu b\u016bt atlicis dz\u012bvot neilgi:<\/p>\n","protected":false},"excerpt":{"rendered":"Kadirovs nepiedal\u012bj\u0101s s\u0113d\u0113 un nepar\u0101d\u012bj\u0101s nevien\u0101 no ofici\u0101laj\u0101m pas\u0101kuma fotogr\u0101fij\u0101m, kuras public\u0113ja Kremlis. \u010ce\u010denijas amatpersonas, bet v\u0113l\u0101k ar\u012b&hellip;\n","protected":false},"author":2,"featured_media":102807,"comment_status":"","ping_status":"","sticky":false,"template":"","format":"standard","meta":{"footnotes":""},"categories":[14],"tags":[23,57,28,29,32,33,22,30,31,35,39,38,36,37,34,40,20,26,27,24,25,54,55,56,21,58],"class_list":{"0":"post-102806","1":"post","2":"type-post","3":"status-publish","4":"format-standard","5":"has-post-thumbnail","7":"category-zinas-no-arvalstim","8":"tag-aktualitates","9":"tag-arvalstim","10":"tag-breaking-news","11":"tag-breakingnews","12":"tag-featured-news","13":"tag-featurednews","14":"tag-headlines","15":"tag-latest-news","16":"tag-latestnews","17":"tag-latvia","18":"tag-latvian","19":"tag-latviesu","20":"tag-latviesu-valoda","21":"tag-latviesuvaloda","22":"tag-latvija","23":"tag-lv","24":"tag-news","25":"tag-popularakas-zinas","26":"tag-popularakaszinas","27":"tag-top-stories","28":"tag-topstories","29":"tag-world","30":"tag-world-news","31":"tag-worldnews","32":"tag-zinas","33":"tag-zinas-no-arvalstim"},"share_on_mastodon":{"url":"https:\/\/pubeurope.com\/@lv\/115886909219469943","error":""},"_links":{"self":[{"href":"https:\/\/www.europesays.com\/lv\/wp-json\/wp\/v2\/posts\/102806","targetHints":{"allow":["GET"]}}],"collection":[{"href":"https:\/\/www.europesays.com\/lv\/wp-json\/wp\/v2\/posts"}],"about":[{"href":"https:\/\/www.europesays.com\/lv\/wp-json\/wp\/v2\/types\/post"}],"author":[{"embeddable":true,"href":"https:\/\/www.europesays.com\/lv\/wp-json\/wp\/v2\/users\/2"}],"replies":[{"embeddable":true,"href":"https:\/\/www.europesays.com\/lv\/wp-json\/wp\/v2\/comments?post=102806"}],"version-history":[{"count":0,"href":"https:\/\/www.europesays.com\/lv\/wp-json\/wp\/v2\/posts\/102806\/revisions"}],"wp:featuredmedia":[{"embeddable":true,"href":"https:\/\/www.europesays.com\/lv\/wp-json\/wp\/v2\/media\/102807"}],"wp:attachment":[{"href":"https:\/\/www.europesays.com\/lv\/wp-json\/wp\/v2\/media?parent=102806"}],"wp:term":[{"taxonomy":"category","embeddable":true,"href":"https:\/\/www.europesays.com\/lv\/wp-json\/wp\/v2\/categories?post=102806"},{"taxonomy":"post_tag","embeddable":true,"href":"https:\/\/www.europesays.com\/lv\/wp-json\/wp\/v2\/tags?post=102806"}],"curies":[{"name":"wp","href":"https:\/\/api.w.org\/{rel}","templated":true}]}}