{"id":102808,"date":"2026-01-13T08:45:13","date_gmt":"2026-01-13T08:45:13","guid":{"rendered":"https:\/\/www.europesays.com\/lv\/102808\/"},"modified":"2026-01-13T08:45:13","modified_gmt":"2026-01-13T08:45:13","slug":"nav-skaidrs-ka-tiks-kontrolets-liellopu-galas-imports-no-tresajam-valstim-uzsver-biedriba","status":"publish","type":"post","link":"https:\/\/www.europesays.com\/lv\/102808\/","title":{"rendered":"Nav skaidrs, k\u0101 tiks kontrol\u0113ts liellopu ga\u013cas imports no tre\u0161aj\u0101m valst\u012bm, uzsver biedr\u012bba"},"content":{"rendered":"<p>L\u012bdz\u0161in\u0113j\u0101s diskusij\u0101s par &#8220;Mercosur&#8221; tirdzniec\u012bbas l\u012bgumu joproj\u0101m nav sniegta skaidra atbilde uz b\u016btisku jaut\u0101jumu \u2013 k\u0101 praks\u0113 tiks nodro\u0161in\u0101ti efekt\u012bvi kontroles un uzraudz\u012bbas meh\u0101nismi attiec\u012bb\u0101 uz liellopu ga\u013cas importu no tre\u0161aj\u0101m valst\u012bm, nor\u0101da Ga\u013cas liellopu audz\u0113t\u0101ju biedr\u012bba.<\/p>\n<p>&#8220;Bez \u0161\u0101das skaidr\u012bbas l\u012bguma ratifik\u0101cija rada b\u016btiskus riskus gan nozarei, gan pat\u0113r\u0113t\u0101jiem&#8221;, uzskata biedr\u012bbas p\u0101rst\u0101vji. <\/p>\n<p>&#8220;M\u0113s str\u0101d\u0101jam p\u0113c \u013coti augstiem standartiem, bet pateicoties \u0161im l\u012bgumam, tirg\u016b non\u0101ks produkcija, par kuras ra\u017eo\u0161anas apst\u0101k\u013ciem nav piln\u012bgas skaidr\u012bbas. Tas rada nevienl\u012bdz\u012bgus konkurences apst\u0101k\u013cus, tostarp ar\u012b cenu zi\u0146\u0101,&#8221; uzsver Ga\u013cas liellopu audz\u0113t\u0101ju biedr\u012bbas priek\u0161s\u0113d\u0113t\u0101js Raimonds Jakovickis.<\/p>\n<p>&#8220;Kam\u0113r nav skaidri defin\u0113ti un praks\u0113 p\u0101rbaud\u0101mi kontroles meh\u0101nismi, nav iesp\u0113jams p\u0101rliecin\u0101ties ne par ga\u013cas patieso izcelsmi, ne par ra\u017eo\u0161anas apst\u0101k\u013ciem. Eiropas Savien\u012bb\u0101, tostarp Latvij\u0101, liellopu audz\u0113\u0161an\u0101 ir nodro\u0161in\u0101ta pilna dz\u012bvnieka dz\u012bves cikla izsekojam\u012bba \u2013 no dzim\u0161anas l\u012bdz gala produktam, kas garant\u0113, ka produkts nerada riskus pat\u0113r\u0113t\u0101jam un atbilst striktajiem Eiropas standartiem. Ja &#8220;Mercosur&#8221; ratific\u0113s, past\u0101v tie\u0161i riski ar\u012b pat\u0113r\u0113t\u0101jiem, jo vi\u0146iem nav iesp\u0113jas uzzin\u0101t, ko vi\u0146i paties\u012bb\u0101 sav\u0101 ikdien\u0101 lietos uztur\u0101,&#8221; uzsver Jakovickis.<\/p>\n<p>Biedr\u012bba nor\u0101da, ka &#8220;Mercosur&#8221; valst\u012bs \u2013 Braz\u012blij\u0101, Argent\u012bn\u0101, Urugvaj\u0101 un Paragvaj\u0101 \u2013 izsekojam\u012bba praks\u0113 bie\u017ei aptver tikai da\u013cu no dz\u012bvnieka dz\u012bves cikla, nereti s\u0101koties no sept\u012bt\u0101 vai astot\u0101 dz\u012bves m\u0113ne\u0161a, un dz\u012bvnieku izcelsme tiek defin\u0113ta visp\u0101r\u012bgi. Lai gan \u0161aj\u0101s valst\u012bs past\u0101v nacion\u0101lie lopkop\u012bbas un veterin\u0101rie regul\u0113jumi, tie nav piel\u012bdzin\u0101ti Eiropas Savien\u012bbas pras\u012bb\u0101m un nav pilnv\u0113rt\u012bgi p\u0101rbaud\u0101mi.<\/p>\n<p>Papildus risks ir saist\u012bts ar antibiotiku lieto\u0161anu lopkop\u012bb\u0101. Eiropas Savien\u012bb\u0101 antibiotiku izmanto\u0161ana dz\u012bvnieku audz\u0113\u0161an\u0101 ir stingri regul\u0113ta un ierobe\u017eota, \u0146emot v\u0113r\u0101 c\u012b\u0146u pret antimikrobi\u0101lo rezistenci, ko vesel\u012bbas nozare atzinusi par nopietnu un glob\u0101lu sabiedr\u012bbas vesel\u012bbas probl\u0113mu. Savuk\u0101rt Mercosur valst\u012bs regul\u0113jums un kontroles prakse var b\u016bt at\u0161\u0137ir\u012bga, kas rada risku, ka import\u0113taj\u0101 ga\u013c\u0101 var non\u0101kt antibiotiku atliekvielas, veicinot rezistences att\u012bst\u012bbu un ilgtermi\u0146\u0101 apdraudot ar\u012b cilv\u0113ku vesel\u012bbu.<\/p>\n<p>&#8220;Ir dubultstandarti. ES lauksaimniekiem ir j\u0101iev\u0113ro stingras un juridiski saisto\u0161as pras\u012bbas attiec\u012bb\u0101 uz dz\u012bvnieku labtur\u012bbu, veterin\u0101ro uzraudz\u012bbu, izsekojam\u012bbu un antibiotiku un citu veterin\u0101ro z\u0101\u013cu lieto\u0161anu, r\u016bp\u0113joties par ga\u013cas kvalit\u0101ti un cilv\u0113ku vesel\u012bbu, kam\u0113r import\u0113tajai produkcijai no &#8220;Mercosur&#8221; valst\u012bm \u0161\u0101das pras\u012bbas netiek piem\u0113rotas vien\u0101d\u0101 apjom\u0101 jeb to nav iesp\u0113jams izkontrol\u0113t. M\u0113s str\u0101d\u0101jam p\u0113c \u013coti augstiem standartiem, bet pateicoties \u0161im l\u012bgumam,  tirg\u016b non\u0101ks produkcija, par kuras ra\u017eo\u0161anas apst\u0101k\u013ciem nav piln\u012bgas skaidr\u012bbas. Tas rada nevienl\u012bdz\u012bgus konkurences apst\u0101k\u013cus, tostarp ar\u012b cenu zi\u0146\u0101,&#8221; skaidro Jakovickis.<\/p>\n<p>Ba\u017eas par &#8220;Mercosur&#8221; l\u012bgumu \u0161obr\u012bd pau\u017e ar\u012b citas Eiropas Savien\u012bbas dal\u012bbvalstis. \u012arij\u0101 notiek pla\u0161i lauksaimnieku protesti, un vald\u012bba ir pazi\u0146ojusi par iebildumiem pret l\u012bguma ratifik\u0101ciju. L\u012bdz\u012bga nost\u0101ja pausta ar\u012b Francij\u0101, Polij\u0101, Austrij\u0101 un Ung\u0101rij\u0101, kur tiek uzsv\u0113rti konkurences, standartu un p\u0101rtikas dro\u0161\u012bbas riski. L\u012bgums \u0161obr\u012bd v\u0113l nav ratific\u0113ts un nav st\u0101jies sp\u0113k\u0101, jo v\u0113l priek\u0161\u0101 ir l\u0113mumi Eiropas Parlament\u0101 un dal\u012bbvalst\u012bs, kas noz\u012bm\u0113, ka diskusijas par l\u012bguma nosac\u012bjumiem joproj\u0101m ir atv\u0113rtas.<\/p>\n<p>&#8220;Ja Eiropas Savien\u012bba saglab\u0101 augstus standartus saviem lauksaimniekiem, tiem j\u0101b\u016bt l\u012bdzv\u0113rt\u012bgi piem\u0113rojamiem ar\u012b import\u0113tajai produkcijai. Bez skaidriem un p\u0101rbaud\u0101miem kontroles meh\u0101nismiem \u0161o l\u012bdzv\u0113rt\u012bbu nodro\u0161in\u0101t nav iesp\u0113jams, tie\u0161i t\u0101pat k\u0101 dro\u0161as un kvalitat\u012bvas ga\u013cas pieejam\u012bbu pat\u0113r\u0113t\u0101jiem,&#8221; uzsver Jakovickis.<\/p>\n<p>Jau zi\u0146ots, ka ar  &#8220;Mercosur&#8221; nol\u012bgumu tiktu izveidota viena no pasaul\u0113 liel\u0101kaj\u0101m br\u012bv\u0101s tirdzniec\u012bbas zon\u0101m, un tas \u013cautu ES eksport\u0113t vair\u0101k automa\u0161\u012bnu, tehnikas un alkoholisko dz\u0113rienu uz Lat\u012b\u0146ameriku.<\/p>\n<p class=\"m-0\">Seko &#8220;Delfi&#8221; ar\u012b  <a target=\"_blank\" href=\"https:\/\/www.instagram.com\/delfi.lv\/\" rel=\"nofollow noopener\">Instagram<\/a>  un <a target=\"_blank\" href=\"https:\/\/www.youtube.com\/channel\/UCw5foWtcJvAbUm64rv7jwUQ\" rel=\"nofollow noopener\">YouTube<\/a>  profil\u0101 \u2013 pievienojies, lai uzzin\u0101tu svar\u012bg\u0101ko un interesant\u0101ko pirmais!<\/p>\n<p>Publik\u0101cijas saturs vai t\u0101s jebk\u0101da apjoma da\u013ca ir aizsarg\u0101ts autorties\u012bbu objekts Autorties\u012bbu likuma izpratn\u0113, un t\u0101 izmanto\u0161ana bez izdev\u0113ja at\u013caujas ir aizliegta. Vair\u0101k lasi  <a target=\"_blank\" href=\"https:\/\/www.delfi.lv\/noteikumi#autortiesibas\" rel=\"nofollow noopener\">\u0161eit<\/a><script async src=\"\/\/www.instagram.com\/embed.js\"><\/script><\/p>\n","protected":false},"excerpt":{"rendered":"L\u012bdz\u0161in\u0113j\u0101s diskusij\u0101s par &#8220;Mercosur&#8221; tirdzniec\u012bbas l\u012bgumu joproj\u0101m nav sniegta skaidra atbilde uz b\u016btisku jaut\u0101jumu \u2013 k\u0101 praks\u0113 tiks&hellip;\n","protected":false},"author":2,"featured_media":102809,"comment_status":"","ping_status":"","sticky":false,"template":"","format":"standard","meta":{"footnotes":""},"categories":[5],"tags":[23,28,29,514,32,33,22,30,31,35,39,38,36,37,34,40,20,26,27,24,25,21,24916],"class_list":{"0":"post-102808","1":"post","2":"type-post","3":"status-publish","4":"format-standard","5":"has-post-thumbnail","7":"category-aktualitates","8":"tag-aktualitates","9":"tag-breaking-news","10":"tag-breakingnews","11":"tag-eiropas-savieniba","12":"tag-featured-news","13":"tag-featurednews","14":"tag-headlines","15":"tag-latest-news","16":"tag-latestnews","17":"tag-latvia","18":"tag-latvian","19":"tag-latviesu","20":"tag-latviesu-valoda","21":"tag-latviesuvaloda","22":"tag-latvija","23":"tag-lv","24":"tag-news","25":"tag-popularakas-zinas","26":"tag-popularakaszinas","27":"tag-top-stories","28":"tag-topstories","29":"tag-zinas","30":"tag-zirga-galas-skandals"},"share_on_mastodon":{"url":"https:\/\/pubeurope.com\/@lv\/115886917034076023","error":""},"_links":{"self":[{"href":"https:\/\/www.europesays.com\/lv\/wp-json\/wp\/v2\/posts\/102808","targetHints":{"allow":["GET"]}}],"collection":[{"href":"https:\/\/www.europesays.com\/lv\/wp-json\/wp\/v2\/posts"}],"about":[{"href":"https:\/\/www.europesays.com\/lv\/wp-json\/wp\/v2\/types\/post"}],"author":[{"embeddable":true,"href":"https:\/\/www.europesays.com\/lv\/wp-json\/wp\/v2\/users\/2"}],"replies":[{"embeddable":true,"href":"https:\/\/www.europesays.com\/lv\/wp-json\/wp\/v2\/comments?post=102808"}],"version-history":[{"count":0,"href":"https:\/\/www.europesays.com\/lv\/wp-json\/wp\/v2\/posts\/102808\/revisions"}],"wp:featuredmedia":[{"embeddable":true,"href":"https:\/\/www.europesays.com\/lv\/wp-json\/wp\/v2\/media\/102809"}],"wp:attachment":[{"href":"https:\/\/www.europesays.com\/lv\/wp-json\/wp\/v2\/media?parent=102808"}],"wp:term":[{"taxonomy":"category","embeddable":true,"href":"https:\/\/www.europesays.com\/lv\/wp-json\/wp\/v2\/categories?post=102808"},{"taxonomy":"post_tag","embeddable":true,"href":"https:\/\/www.europesays.com\/lv\/wp-json\/wp\/v2\/tags?post=102808"}],"curies":[{"name":"wp","href":"https:\/\/api.w.org\/{rel}","templated":true}]}}