{"id":102810,"date":"2026-01-13T08:47:08","date_gmt":"2026-01-13T08:47:08","guid":{"rendered":"https:\/\/www.europesays.com\/lv\/102810\/"},"modified":"2026-01-13T08:47:08","modified_gmt":"2026-01-13T08:47:08","slug":"francijas-futbolists-aleksis-vergoss-tragiski-iet-boja-taizeme","status":"publish","type":"post","link":"https:\/\/www.europesays.com\/lv\/102810\/","title":{"rendered":"Francijas futbolists Aleksis Vergoss tra\u0123iski iet boj\u0101 Taizem\u0113"},"content":{"rendered":"<p class=\"descr\">Uzleco\u0161\u0101 Francijas futbola zvaigzne Aleksis Vergoss tra\u0123iski g\u0101ja boj\u0101 atva\u013cin\u0101juma laik\u0101 Taizem\u0113, m\u0113\u0123inot nofotograf\u0113ties pie Namuang II \u016bdenskrituma Koh Samui sal\u0101. Vi\u0146am bija 22 gadi, zi\u0146o RTL, atsaucoties uz Quimper Ergu\u00e9 Armel futbola kluba pazi\u0146ojumu.<\/p>\n<p>Incidents notika net\u0101lu no labi paz\u012bstamas <a href=\"https:\/\/nra.lv\/birka\/turisti\/\" target=\"_blank\" rel=\"noopener nofollow\">t\u016bristu<\/a> apskates vietas &#8211; \u016bdenskrituma, kas ik gadu piesaista daudzus ce\u013cot\u0101jus no visas pasaules. Vergoss un vi\u0146a l\u012bgava nol\u0113ma nofotograf\u0113ties uz \u016bdenskrituma fona.<\/p>\n<blockquote><p>Saska\u0146\u0101 ar s\u0101kotn\u0113jiem zi\u0146ojumiem, jauneklis pasl\u012bd\u0113ja uz slapjiem akme\u0146iem un iekrita \u016bden\u012b.<\/p><\/blockquote>\n<p>Kritiena laik\u0101 futbolists atsit\u0101s ar galvu pret akme\u0146iem, un, saska\u0146\u0101 ar s\u0101kotn\u0113jo tiesu medic\u012bnas ekspert\u012bzi, vi\u0146\u0161 nomira notikuma viet\u0101 no smagas galvas traumas. Neskatoties uz sp\u0113c\u012bgo straumi, gl\u0101b\u0113jiem izdev\u0101s izcelt cietu\u0161\u0101 \u0137ermeni, kas bija iespr\u016bdis spraug\u0101.<\/p>\n<p>Ar\u012b Vergosa l\u012bgava nokrita no \u016bdenskrituma, ta\u010du vi\u0146ai izdev\u0101s pie\u0137erties pie koka zara, t\u0101d\u0113j\u0101di gl\u0101bjot savu dz\u012bv\u012bbu. Vi\u0146a izsauca viet\u0113jos gl\u0101b\u0113jus.<\/p>\n<p>Futbola klubs &#8220;Quimper Ergu\u00e9 Armel&#8221; apstiprin\u0101ja futbolista n\u0101vi un izteica visdzi\u013c\u0101ko l\u012bdzj\u016bt\u012bbu vi\u0146a \u0123imenei un draugiem. Kluba pazi\u0146ojum\u0101 ar\u012b nor\u0101d\u012bts, ka Aleksis s\u0101ka sp\u0113l\u0113t futbolu se\u0161u gadu vecum\u0101 un bija akt\u012bvs komandas biedrs.<\/p>\n<p>Saska\u0146\u0101 ar viet\u0113jo zi\u0146u a\u0123ent\u016bru sniegto inform\u0101ciju, negad\u012bjuma vieta ir iecien\u012bts dabas piemineklis ar gleznainiem skatiem, ta\u010du tur eso\u0161\u0101s nog\u0101zes var b\u016bt b\u012bstamas slideno virsmu d\u0113\u013c, \u012bpa\u0161i mitr\u0101 laik\u0101.<\/p>\n<p>\t\t\t\t\t\tinfo<\/p>\n<p>Uzzini pirmais<br \/>kas interesants noticis Latvij\u0101 un pasaul\u0113,<br \/>pievienojoties mums <a href=\"https:\/\/t.me\/neatkariga\" rel=\"nofollow\">Telegram<\/a> vai <a href=\"https:\/\/whatsapp.com\/channel\/0029VaMLFUH5K3zLU5s4wm3y\" rel=\"nofollow noopener\" target=\"_blank\">Whatsapp<\/a> kan\u0101l\u0101<\/p>\n","protected":false},"excerpt":{"rendered":"Uzleco\u0161\u0101 Francijas futbola zvaigzne Aleksis Vergoss tra\u0123iski g\u0101ja boj\u0101 atva\u013cin\u0101juma laik\u0101 Taizem\u0113, m\u0113\u0123inot nofotograf\u0113ties pie Namuang II \u016bdenskrituma&hellip;\n","protected":false},"author":2,"featured_media":102811,"comment_status":"","ping_status":"","sticky":false,"template":"","format":"standard","meta":{"footnotes":""},"categories":[17],"tags":[35,39,38,36,37,34,40,67],"class_list":{"0":"post-102810","1":"post","2":"type-post","3":"status-publish","4":"format-standard","5":"has-post-thumbnail","7":"category-sports","8":"tag-latvia","9":"tag-latvian","10":"tag-latviesu","11":"tag-latviesu-valoda","12":"tag-latviesuvaloda","13":"tag-latvija","14":"tag-lv","15":"tag-sports"},"share_on_mastodon":{"url":"https:\/\/pubeurope.com\/@lv\/115886924925936634","error":""},"_links":{"self":[{"href":"https:\/\/www.europesays.com\/lv\/wp-json\/wp\/v2\/posts\/102810","targetHints":{"allow":["GET"]}}],"collection":[{"href":"https:\/\/www.europesays.com\/lv\/wp-json\/wp\/v2\/posts"}],"about":[{"href":"https:\/\/www.europesays.com\/lv\/wp-json\/wp\/v2\/types\/post"}],"author":[{"embeddable":true,"href":"https:\/\/www.europesays.com\/lv\/wp-json\/wp\/v2\/users\/2"}],"replies":[{"embeddable":true,"href":"https:\/\/www.europesays.com\/lv\/wp-json\/wp\/v2\/comments?post=102810"}],"version-history":[{"count":0,"href":"https:\/\/www.europesays.com\/lv\/wp-json\/wp\/v2\/posts\/102810\/revisions"}],"wp:featuredmedia":[{"embeddable":true,"href":"https:\/\/www.europesays.com\/lv\/wp-json\/wp\/v2\/media\/102811"}],"wp:attachment":[{"href":"https:\/\/www.europesays.com\/lv\/wp-json\/wp\/v2\/media?parent=102810"}],"wp:term":[{"taxonomy":"category","embeddable":true,"href":"https:\/\/www.europesays.com\/lv\/wp-json\/wp\/v2\/categories?post=102810"},{"taxonomy":"post_tag","embeddable":true,"href":"https:\/\/www.europesays.com\/lv\/wp-json\/wp\/v2\/tags?post=102810"}],"curies":[{"name":"wp","href":"https:\/\/api.w.org\/{rel}","templated":true}]}}