{"id":102812,"date":"2026-01-13T08:49:12","date_gmt":"2026-01-13T08:49:12","guid":{"rendered":"https:\/\/www.europesays.com\/lv\/102812\/"},"modified":"2026-01-13T08:49:12","modified_gmt":"2026-01-13T08:49:12","slug":"asv-apsudz-krieviju-bistama-un-neizskaidrojama-kara-eskalacija-ukraina","status":"publish","type":"post","link":"https:\/\/www.europesays.com\/lv\/102812\/","title":{"rendered":"ASV aps\u016bdz Krieviju &#8220;b\u012bstam\u0101 un neizskaidrojam\u0101&#8221; kara eskal\u0101cij\u0101 Ukrain\u0101"},"content":{"rendered":"<p>Tas ar\u012b notika p\u0113c jaunas ASV un Krievijas attiec\u012bbu pasliktin\u0101\u0161an\u0101s, Krievijai nosodot ASV par naftas tankku\u0123a ie\u0146em\u0161anu Atlantijas oke\u0101na zieme\u013cos.<\/p>\n<p>Eiropas valstu l\u012bderi nosod\u012bja uzbrukumu ar &#8220;Ore\u0161\u0146ik&#8221; k\u0101 &#8220;eskal\u0113jo\u0161u un nepie\u0146emamu&#8221;, un tikpat skarbu nov\u0113rt\u0113jumu pirmdien sniedza Br\u016bsa.<\/p>\n<p>&#8220;Milzu potenci\u0101la br\u012bd\u012b, ko rad\u012bjusi tikai prezidenta Trampa ap\u0146em\u0161an\u0101s pan\u0101kt mieru vis\u0101 pasaul\u0113, ab\u0101m pus\u0113m vajadz\u0113tu mekl\u0113t deeskal\u0101cijas iesp\u0113jas. Tom\u0113r Krievijas r\u012bc\u012bba risk\u0113 papla\u0161in\u0101t un pastiprin\u0101t karu,&#8221; sac\u012bja Br\u016bsa.<\/p>\n<p>Br\u016bsa atg\u0101din\u0101ja Krievijai, ka t\u0101 pirms gada balsojusi par ANO Dro\u0161\u012bbas padomes rezol\u016bciju, kas aicina izbeigt karu Ukrain\u0101.<\/p>\n<blockquote class=\"quote ck-widget\" contenteditable=\"false\">\n<p>&#8220;B\u016btu jauki, ja Krievijas v\u0101rdi atbilstu darbiem.<\/p>\n<\/blockquote>\n<p>\u0160\u012bs rezol\u016bcijas gar\u0101 Krievijai, Ukrainai un Eiropai vajag nopietni censties pan\u0101kt mieru un izbeigt \u0161o murgu,&#8221; sac\u012bja Br\u016bsa.<\/p>\n<p>Krievijas v\u0113stnieks ANO Vasilijs \u0145ebenzja pazi\u0146oja, ka Krievija &#8220;turpin\u0101s risin\u0101t probl\u0113mu ar milit\u0101riem l\u012bdzek\u013ciem&#8221;, l\u012bdz Ukrainas prezidents Volodimirs Zelenskis &#8220;n\u0101ks pie pr\u0101ta un piekrit\u012bs re\u0101listiskiem sarunu nosac\u012bjumiem&#8221;.<\/p>\n<p>&#8220;Vi\u0146\u0161 jau sen tika br\u012bdin\u0101ts (..) ka sarunu nosac\u012bjumi vi\u0146am tikai pasliktin\u0101sies,&#8221; sac\u012bja \u0145ebenzja. &#8220;L\u012bdz\u012bg\u0101 k\u0101rt\u0101 katrs nekrietns uzbrukums Krievijas civiliedz\u012bvot\u0101jiem izrais\u012bs skarbu atbildi.&#8221;<\/p>\n<p>Ukrainas v\u0113stnieks ANO Andrijs Me\u013c\u0146iks pazi\u0146oja, ka Krievija tagad ir visneizdev\u012bg\u0101kaj\u0101 poz\u012bcij\u0101 kop\u0161 pilna m\u0113roga iebrukuma s\u0101kuma 2022. gada febru\u0101r\u012b, jo t\u0101s ekonomikas izaugsme pal\u0113nin\u0101s un naftas ie\u0146\u0113mumi samazin\u0101ju\u0161ies.<\/p>\n<blockquote class=\"quote ck-widget\" contenteditable=\"false\">\n<p>&#8220;Krievija grib p\u0101rdot \u0161ai padomei un visai ANO saimei iespaidu, ka ir neuzvarama, bet t\u0101 ir v\u0113l viena il\u016bzija,&#8221; sac\u012bja v\u0113stnieks.<\/p>\n<\/blockquote>\n<p>&#8220;R\u016bp\u012bgi veidotais sp\u0113ka t\u0113ls nav nekas vair\u0101k k\u0101 m\u0101\u0146i un maldi, kas ir piln\u012bgi atrauti no realit\u0101tes.&#8221;<\/p>\n","protected":false},"excerpt":{"rendered":"Tas ar\u012b notika p\u0113c jaunas ASV un Krievijas attiec\u012bbu pasliktin\u0101\u0161an\u0101s, Krievijai nosodot ASV par naftas tankku\u0123a ie\u0146em\u0161anu Atlantijas&hellip;\n","protected":false},"author":2,"featured_media":102813,"comment_status":"","ping_status":"","sticky":false,"template":"","format":"standard","meta":{"footnotes":""},"categories":[14],"tags":[23,57,292,3700,28,29,32,33,22,234,74,30,31,35,39,38,36,37,34,40,20,26,27,24,25,276,54,55,56,21,58],"class_list":{"0":"post-102812","1":"post","2":"type-post","3":"status-publish","4":"format-standard","5":"has-post-thumbnail","7":"category-zinas-no-arvalstim","8":"tag-aktualitates","9":"tag-arvalstim","10":"tag-asv","11":"tag-autoritarisma-ena-par-eiropu","12":"tag-breaking-news","13":"tag-breakingnews","14":"tag-featured-news","15":"tag-featurednews","16":"tag-headlines","17":"tag-krievija","18":"tag-krievijas-iebrukums-ukraina","19":"tag-latest-news","20":"tag-latestnews","21":"tag-latvia","22":"tag-latvian","23":"tag-latviesu","24":"tag-latviesu-valoda","25":"tag-latviesuvaloda","26":"tag-latvija","27":"tag-lv","28":"tag-news","29":"tag-popularakas-zinas","30":"tag-popularakaszinas","31":"tag-top-stories","32":"tag-topstories","33":"tag-ukraina","34":"tag-world","35":"tag-world-news","36":"tag-worldnews","37":"tag-zinas","38":"tag-zinas-no-arvalstim"},"share_on_mastodon":{"url":"https:\/\/pubeurope.com\/@lv\/115886932797769774","error":""},"_links":{"self":[{"href":"https:\/\/www.europesays.com\/lv\/wp-json\/wp\/v2\/posts\/102812","targetHints":{"allow":["GET"]}}],"collection":[{"href":"https:\/\/www.europesays.com\/lv\/wp-json\/wp\/v2\/posts"}],"about":[{"href":"https:\/\/www.europesays.com\/lv\/wp-json\/wp\/v2\/types\/post"}],"author":[{"embeddable":true,"href":"https:\/\/www.europesays.com\/lv\/wp-json\/wp\/v2\/users\/2"}],"replies":[{"embeddable":true,"href":"https:\/\/www.europesays.com\/lv\/wp-json\/wp\/v2\/comments?post=102812"}],"version-history":[{"count":0,"href":"https:\/\/www.europesays.com\/lv\/wp-json\/wp\/v2\/posts\/102812\/revisions"}],"wp:featuredmedia":[{"embeddable":true,"href":"https:\/\/www.europesays.com\/lv\/wp-json\/wp\/v2\/media\/102813"}],"wp:attachment":[{"href":"https:\/\/www.europesays.com\/lv\/wp-json\/wp\/v2\/media?parent=102812"}],"wp:term":[{"taxonomy":"category","embeddable":true,"href":"https:\/\/www.europesays.com\/lv\/wp-json\/wp\/v2\/categories?post=102812"},{"taxonomy":"post_tag","embeddable":true,"href":"https:\/\/www.europesays.com\/lv\/wp-json\/wp\/v2\/tags?post=102812"}],"curies":[{"name":"wp","href":"https:\/\/api.w.org\/{rel}","templated":true}]}}