{"id":102816,"date":"2026-01-13T08:55:18","date_gmt":"2026-01-13T08:55:18","guid":{"rendered":"https:\/\/www.europesays.com\/lv\/102816\/"},"modified":"2026-01-13T08:55:18","modified_gmt":"2026-01-13T08:55:18","slug":"vilna-tukstosi-skrejiena-godina-brivibas-aizstavjus-raksts","status":"publish","type":"post","link":"https:\/\/www.europesays.com\/lv\/102816\/","title":{"rendered":"Vi\u013c\u0146\u0101 t\u016bksto\u0161i skr\u0113jien\u0101 godina br\u012bv\u012bbas aizst\u0101vjus \/ Raksts"},"content":{"rendered":"<p>Lietuvas galvaspils\u0113t\u0101 Vi\u013c\u0146\u0101 jau 34. reizi aizvad\u012bts starptautisks piemi\u0146as skr\u0113jiens &#8220;Dz\u012bv\u012bbas un n\u0101ves ce\u013c\u0161&#8221;. Tas ir velt\u012bjums Lietuvas br\u012bv\u012bbas aizst\u0101vjiem, kurus 1991. gada 13. janv\u0101ra nakt\u012b non\u0101v\u0113ja padomju karasp\u0113ks.<\/p>\n<p>Skr\u0113jien\u0101 piedal\u012bj\u0101s aptuveni desmit t\u016bksto\u0161i dal\u012bbnieku.<\/p>\n<p>Simbolisk\u0101s 9 kilometru distances s\u0101kuma punkts bija net\u0101lu no Antakalnes kapiem, bet nosl\u0113dz\u0101s pie Vi\u013c\u0146as telev\u012bzijas tor\u0146a. Tur piemi\u0146as viet\u0101 tika nolikti ziedi un iev\u0113rota klusuma min\u016bte, godinot br\u012bv\u012bbas aizst\u0101vjus.<\/p>\n<p style=\"margin-left:40px\">Skr\u0113jiena dal\u012bbnieks. &#8220;\u0160is ir skr\u0113jiens, lai piemin\u0113tu tos, kas kritu\u0161i par Lietuvas br\u012bv\u012bbu, t\u0101p\u0113c dom\u0101ju, ka ir \u013coti svar\u012bgi, lai piedal\u012btos ikviens Lietuvas patriots.&#8221;<\/p>\n<p style=\"margin-left:40px\">Skr\u0113jiena dal\u012bbniece. &#8220;Dom\u0101ju, vissvar\u012bg\u0101kais ir tas, ka m\u0113s visi n\u0101kam godin\u0101t tos cilv\u0113kus, kas c\u012bn\u012bj\u0101s par m\u016bsu br\u012bv\u012bbu &#8211; \u0161is ir m\u016bsu dz\u012bv\u012bbas un n\u0101ves ce\u013c\u0161.&#8221;<\/p>\n<p style=\"margin-left:40px\">Skr\u0113jiena dal\u012bbnieks. &#8220;Br\u012bv\u012bba nav pa\u0161saprotama, t\u0101 ir \u013coti svar\u012bga katram lietuvietim.&#8221;<\/p>\n<p>\u0160is skr\u0113jiens ik gadu pulc\u0113 t\u016bksto\u0161iem dal\u012bbnieku no Lietuvas, k\u0101 ar\u012b no \u0101rzem\u0113m.<\/p>\n<p>1991. gada 13. janv\u0101ra nakt\u012b PSRS karasp\u0113ka \u012bpa\u0161\u0101s vien\u012bbas ar milit\u0101ro tehniku iebrauca neapbru\u0146otu cilv\u0113ku p\u016bl\u012b, kas bija pulc\u0113ju\u0161ies Vi\u013c\u0146as telev\u012bzijas tor\u0146a un Radio un telev\u012bzijas komitejas aizst\u0101v\u012bbai. Karav\u012bri uz san\u0101ku\u0161ajiem ar\u012b atkl\u0101ja uguni. Kopum\u0101 tovakar izdzisa 14 cilv\u0113ku dz\u012bv\u012bbas un v\u0113l vair\u0101ki simti guva ievainojumus.<\/p>\n<p>                    Valodas k\u013c\u016bda rakst\u0101?<\/p>\n<p class=\"d-none d-md-block\">Iez\u012bm\u0113jiet tekstu un spiediet Ctrl+Enter, lai nos\u016bt\u012btu labojamo teksta fragmentu redaktoram! Par faktu k\u013c\u016bd\u0101m l\u016bdzam zi\u0146ot e-past\u0101 <a href=\"https:\/\/www.lsm.lv\/cdn-cgi\/l\/email-protection\" class=\"__cf_email__\" data-cfemail=\"1c6e79787d777f75767d5c706f7132706a\" rel=\"nofollow noopener\" target=\"_blank\">[email\u00a0protected]<\/a>.<\/p>\n<p class=\"d-md-none\">Iez\u012bm\u0113jiet tekstu un spiediet uz Zi\u0146ot par k\u013c\u016bdu pogas, lai nos\u016bt\u012btu labojamo teksta fragmentu redaktoram!<\/p>\n<p>\n                    Zi\u0146ot par k\u013c\u016bdu\n                <\/p>\n","protected":false},"excerpt":{"rendered":"Lietuvas galvaspils\u0113t\u0101 Vi\u013c\u0146\u0101 jau 34. reizi aizvad\u012bts starptautisks piemi\u0146as skr\u0113jiens &#8220;Dz\u012bv\u012bbas un n\u0101ves ce\u013c\u0161&#8221;. Tas ir velt\u012bjums Lietuvas&hellip;\n","protected":false},"author":2,"featured_media":102817,"comment_status":"","ping_status":"","sticky":false,"template":"","format":"standard","meta":{"footnotes":""},"categories":[14],"tags":[23,57,28,29,32,33,22,30,31,35,39,38,36,37,34,40,20,26,27,24,25,54,55,56,21,58],"class_list":{"0":"post-102816","1":"post","2":"type-post","3":"status-publish","4":"format-standard","5":"has-post-thumbnail","7":"category-zinas-no-arvalstim","8":"tag-aktualitates","9":"tag-arvalstim","10":"tag-breaking-news","11":"tag-breakingnews","12":"tag-featured-news","13":"tag-featurednews","14":"tag-headlines","15":"tag-latest-news","16":"tag-latestnews","17":"tag-latvia","18":"tag-latvian","19":"tag-latviesu","20":"tag-latviesu-valoda","21":"tag-latviesuvaloda","22":"tag-latvija","23":"tag-lv","24":"tag-news","25":"tag-popularakas-zinas","26":"tag-popularakaszinas","27":"tag-top-stories","28":"tag-topstories","29":"tag-world","30":"tag-world-news","31":"tag-worldnews","32":"tag-zinas","33":"tag-zinas-no-arvalstim"},"share_on_mastodon":{"url":"https:\/\/pubeurope.com\/@lv\/115886956547192027","error":""},"_links":{"self":[{"href":"https:\/\/www.europesays.com\/lv\/wp-json\/wp\/v2\/posts\/102816","targetHints":{"allow":["GET"]}}],"collection":[{"href":"https:\/\/www.europesays.com\/lv\/wp-json\/wp\/v2\/posts"}],"about":[{"href":"https:\/\/www.europesays.com\/lv\/wp-json\/wp\/v2\/types\/post"}],"author":[{"embeddable":true,"href":"https:\/\/www.europesays.com\/lv\/wp-json\/wp\/v2\/users\/2"}],"replies":[{"embeddable":true,"href":"https:\/\/www.europesays.com\/lv\/wp-json\/wp\/v2\/comments?post=102816"}],"version-history":[{"count":0,"href":"https:\/\/www.europesays.com\/lv\/wp-json\/wp\/v2\/posts\/102816\/revisions"}],"wp:featuredmedia":[{"embeddable":true,"href":"https:\/\/www.europesays.com\/lv\/wp-json\/wp\/v2\/media\/102817"}],"wp:attachment":[{"href":"https:\/\/www.europesays.com\/lv\/wp-json\/wp\/v2\/media?parent=102816"}],"wp:term":[{"taxonomy":"category","embeddable":true,"href":"https:\/\/www.europesays.com\/lv\/wp-json\/wp\/v2\/categories?post=102816"},{"taxonomy":"post_tag","embeddable":true,"href":"https:\/\/www.europesays.com\/lv\/wp-json\/wp\/v2\/tags?post=102816"}],"curies":[{"name":"wp","href":"https:\/\/api.w.org\/{rel}","templated":true}]}}