{"id":102818,"date":"2026-01-13T08:56:07","date_gmt":"2026-01-13T08:56:07","guid":{"rendered":"https:\/\/www.europesays.com\/lv\/102818\/"},"modified":"2026-01-13T08:56:07","modified_gmt":"2026-01-13T08:56:07","slug":"biblioteka-aicina-uz-sarunu-ar-triju-zvaigznu-ordena-virsnieku-1991-gada-barikazu-dalibnieku-jani-pudanu","status":"publish","type":"post","link":"https:\/\/www.europesays.com\/lv\/102818\/","title":{"rendered":"Bibliot\u0113ka aicina uz sarunu ar Triju Zvaig\u017e\u0146u orde\u0146a virsnieku, 1991. gada barik\u0101\u017eu dal\u012bbnieku J\u0101ni Pud\u0101nu"},"content":{"rendered":"<p>\t\t        \t<a href=\"https:\/\/www.daugavpils.lv\/assets\/upload\/news\/2026\/01\/pudans-13112026_max.jpg\" rel=\"nofollow noopener\" target=\"_blank\"><img decoding=\"async\" src=\"https:\/\/www.europesays.com\/lv\/wp-content\/uploads\/2026\/01\/pudans-13112026_sml.jpg\" class=\"news-image\" title=\"Bibliot\u0113ka aicina uz sarunu ar Triju Zvaig\u017e\u0146u orde\u0146a virsnieku, 1991. gada barik\u0101\u017eu dal\u012bbnieku J\u0101ni Pud\u0101nu\" alt=\"Bibliot\u0113ka aicina uz sarunu ar Triju Zvaig\u017e\u0146u orde\u0146a virsnieku, 1991. gada barik\u0101\u017eu dal\u012bbnieku J\u0101ni Pud\u0101nu\"\/><\/a><\/p>\n<p>Tre\u0161dien, 21. janv\u0101r\u012b, plkst. 14.00 Daugavpil\u012b, Latgales Centr\u0101laj\u0101 bibliot\u0113k\u0101 (R\u012bgas iel\u0101 22a, 2. st\u0101v\u0101) notiks tik\u0161an\u0101s ar 1991. gada barik\u0101\u017eu dal\u012bbnieku, Triju Zvaig\u017e\u0146u orde\u0146a virsnieku un Latvijas frontes akt\u012bvistu J\u0101ni Pud\u0101nu.<\/p>\n<p>&#13;<\/p>\n<p>Barik\u0101\u017eu aizst\u0101vju atceres diena ir noz\u012bm\u012bgs datums Latvijas valsts v\u0113stur\u0113. Katru gadu 20. janv\u0101r\u012b tiek piemin\u0113ti 1991. gada janv\u0101ra tra\u0123iskie notikumi, kad Latvijas tauta aizst\u0101v\u0113ja savas ties\u012bbas uz neatkar\u012bgu valsti. Laiku no 13. l\u012bdz 25. janv\u0101rim Latvijas v\u0113stures lappus\u0113s d\u0113v\u0113 par barik\u0101\u017eu laiku.<\/p>\n<p>&#13;<\/p>\n<p>Viena no spilgt\u0101kaj\u0101m barik\u0101\u017eu laika person\u012bb\u0101m ir daugavpilietis J\u0101nis Pud\u0101ns. Vi\u0146\u0161 piedal\u012bj\u0101s 1991. gada barik\u0101d\u0113s un 13. janv\u0101ra manifest\u0101cij\u0101 R\u012bg\u0101, kur, t\u0113rpies Padomju armijas virsnieka formast\u0113rp\u0101, k\u0101pa trib\u012bn\u0113, lai paustu nosod\u012bjumu padomju varas r\u012bc\u012bbai Vi\u013c\u0146\u0101 \u2014 notikumiem, kuros sadursm\u0113s ar milit\u0101rperson\u0101m dz\u012bv\u012bbu zaud\u0113ja 13 cilv\u0113ki, \u2014 un paustu atbalstu c\u012b\u0146ai par Latvijas neatkar\u012bbu.<\/p>\n<p>&#13;<\/p>\n<p>2021. gad\u0101 par \u012bpa\u0161iem nopelniem Latvijas neatkar\u012bbas atjauno\u0161an\u0101 un noz\u012bm\u012bgo sabiedrisko veikumu J\u0101nim Pud\u0101nam tika pasniegts valsts augst\u0101kais apbalvojums \u2014 Triju Zvaig\u017e\u0146u ordenis.<\/p>\n<p>&#13;<\/p>\n<p>Tik\u0161an\u0101s ar J\u0101ni Pud\u0101nu Latgales Centr\u0101laj\u0101 bibliot\u0113k\u0101 ir iek\u013cauta Daugavpils 1991. gada barik\u0101\u017eu aizst\u0101vju atceres dienai velt\u012bto pas\u0101kumu pl\u0101n\u0101.<\/p>\n<p>&#13;<\/p>\n<p>Pas\u0101kum\u0101 tiks film\u0113ts\/ fotograf\u0113ts. Vair\u0101k inform\u0101cijas <a class=\"pdfpdf\" href=\"https:\/\/www.lcb.lv\/wp-content\/uploads\/2024\/04\/lcb_ppz_visparigs.pdf\" rel=\"nofollow noopener\" target=\"_blank\">\u0161eit<\/a>.<\/p>\n<p>&#13;<\/p>\n<p>Inform\u0101ciju sagatavoja:<br \/>Latgales Centr\u0101l\u0101 bibliot\u0113ka<br \/>654 26422<\/p>\n","protected":false},"excerpt":{"rendered":"Tre\u0161dien, 21. janv\u0101r\u012b, plkst. 14.00 Daugavpil\u012b, Latgales Centr\u0101laj\u0101 bibliot\u0113k\u0101 (R\u012bgas iel\u0101 22a, 2. st\u0101v\u0101) notiks tik\u0161an\u0101s ar 1991.&hellip;\n","protected":false},"author":2,"featured_media":102819,"comment_status":"","ping_status":"","sticky":false,"template":"","format":"standard","meta":{"footnotes":""},"categories":[12],"tags":[23,28,29,32,33,22,30,31,35,39,38,36,37,34,40,20,26,27,24,25,21],"class_list":{"0":"post-102818","1":"post","2":"type-post","3":"status-publish","4":"format-standard","5":"has-post-thumbnail","7":"category-latvija","8":"tag-aktualitates","9":"tag-breaking-news","10":"tag-breakingnews","11":"tag-featured-news","12":"tag-featurednews","13":"tag-headlines","14":"tag-latest-news","15":"tag-latestnews","16":"tag-latvia","17":"tag-latvian","18":"tag-latviesu","19":"tag-latviesu-valoda","20":"tag-latviesuvaloda","21":"tag-latvija","22":"tag-lv","23":"tag-news","24":"tag-popularakas-zinas","25":"tag-popularakaszinas","26":"tag-top-stories","27":"tag-topstories","28":"tag-zinas"},"share_on_mastodon":{"url":"https:\/\/pubeurope.com\/@lv\/115886960328065924","error":""},"_links":{"self":[{"href":"https:\/\/www.europesays.com\/lv\/wp-json\/wp\/v2\/posts\/102818","targetHints":{"allow":["GET"]}}],"collection":[{"href":"https:\/\/www.europesays.com\/lv\/wp-json\/wp\/v2\/posts"}],"about":[{"href":"https:\/\/www.europesays.com\/lv\/wp-json\/wp\/v2\/types\/post"}],"author":[{"embeddable":true,"href":"https:\/\/www.europesays.com\/lv\/wp-json\/wp\/v2\/users\/2"}],"replies":[{"embeddable":true,"href":"https:\/\/www.europesays.com\/lv\/wp-json\/wp\/v2\/comments?post=102818"}],"version-history":[{"count":0,"href":"https:\/\/www.europesays.com\/lv\/wp-json\/wp\/v2\/posts\/102818\/revisions"}],"wp:featuredmedia":[{"embeddable":true,"href":"https:\/\/www.europesays.com\/lv\/wp-json\/wp\/v2\/media\/102819"}],"wp:attachment":[{"href":"https:\/\/www.europesays.com\/lv\/wp-json\/wp\/v2\/media?parent=102818"}],"wp:term":[{"taxonomy":"category","embeddable":true,"href":"https:\/\/www.europesays.com\/lv\/wp-json\/wp\/v2\/categories?post=102818"},{"taxonomy":"post_tag","embeddable":true,"href":"https:\/\/www.europesays.com\/lv\/wp-json\/wp\/v2\/tags?post=102818"}],"curies":[{"name":"wp","href":"https:\/\/api.w.org\/{rel}","templated":true}]}}