{"id":102820,"date":"2026-01-13T08:59:06","date_gmt":"2026-01-13T08:59:06","guid":{"rendered":"https:\/\/www.europesays.com\/lv\/102820\/"},"modified":"2026-01-13T08:59:06","modified_gmt":"2026-01-13T08:59:06","slug":"baiba-bendika-sasniedz-36-vietu-oberhofas-iedzisanas-sacensibas-uzlabojot-pozicijas-neskatoties-uz-kludam-sausana-lente-lv","status":"publish","type":"post","link":"https:\/\/www.europesays.com\/lv\/102820\/","title":{"rendered":"Baiba Bendika sasniedz 36. vietu Oberhofas iedz\u012b\u0161anas sacens\u012bb\u0101s, uzlabojot poz\u012bcijas neskatoties uz k\u013c\u016bd\u0101m \u0161au\u0161an\u0101\u00a0\u2014\u00a0Lente.lv"},"content":{"rendered":"<p>Bendika pak\u0101pjas iedz\u012b\u0161an\u0101, neskatoties uz \u010detr\u0101m k\u013c\u016bd\u0101m \u0161au\u0161an\u0101<\/p>\n<p>Sv\u0113tdien, 11. janv\u0101r\u012b, V\u0101cijas pils\u0113t\u0101 Oberhof\u0101 nosl\u0113dz\u0101s biatlona Pasaules kausa posms ar sievie\u0161u 10 kilometru iedz\u012b\u0161anas sacens\u012bb\u0101m. Latvijas biatloniste Baiba Bendika, neskatoties uz \u010detr\u0101m k\u013c\u016bd\u0101m \u0161au\u0161an\u0101, sp\u0113ja pak\u0101pties par 14 poz\u012bcij\u0101m un ie\u0146emt 36. vietu. Vi\u0146a sacens\u012bbas s\u0101ka no 50. starta poz\u012bcijas, ta\u010du fini\u0161u sasniedza tr\u012bs min\u016btes un 59,1 sekundi aiz uzvar\u0113t\u0101jas zviedrietes Elv\u012bras \u0112bergas.<\/p>\n<p>Sacens\u012bbu gaitu raksturo k\u013c\u016bdas un tempa mai\u0146as<\/p>\n<p>Bendika pirmaj\u0101 apl\u012b demonstr\u0113ja 11. lab\u0101ko sl\u0113pojuma laiku un pirmaj\u0101 \u0161au\u0161anas reiz\u0113 palika bez k\u013c\u016bd\u0101m, kas \u013c\u0101va pak\u0101pties uz 29. vietu. Tom\u0113r p\u0113c pirm\u0101s \u0161au\u0161anas sportistes temps krit\u0101s, un otraj\u0101 apl\u012b vi\u0146a bija 45. \u0101tr\u0101k\u0101. Otraj\u0101 \u0161autuv\u0113 tika pie\u013cauta pirm\u0101 k\u013c\u016bda, un Bendika atkrita uz 38. poz\u012bciju. Neskatoties uz vienu soda apli tre\u0161aj\u0101 \u0161au\u0161an\u0101, vi\u0146a saglab\u0101ja 37. vietu. Iz\u0161\u0137iro\u0161\u0101 bija p\u0113d\u0113j\u0101 \u0161au\u0161ana, kur pie\u013caut\u0101s divas k\u013c\u016bdas lika atk\u0101pties uz 41. vietu. Tom\u0113r nosl\u0113dzo\u0161aj\u0101 apl\u012b Bendika uzr\u0101d\u012bja tre\u0161o lab\u0101ko sl\u0113pojuma laiku, veicot iespaid\u012bgu k\u0101pumu.<\/p>\n<p>Uzvar\u0113t\u0101jas un citu sportistu rezult\u0101ti<\/p>\n<p>Par sacens\u012bbu uzvar\u0113t\u0101ju k\u013cuva zviedriete Elv\u012bra \u0112berja, kura uzvar\u0113ja ar\u012b iepriek\u0161 notiku\u0161aj\u0101s sprinta sacens\u012bb\u0101s. Otr\u0101s vietas ieguv\u0113ja bija somiete Suvi Minkinena, kura no l\u012bderes atpalika 16,6 sekundes, bet tre\u0161\u0101 fini\u0161\u0113ja zviedriete Hanna \u0112berja, zaud\u0113jot min\u016bti un 4,5 sekundes.<\/p>\n<p>Bendikas poz\u012bcijas Pasaules kausa kopv\u0113rt\u0113jum\u0101<\/p>\n<p>P\u0113c Oberhofas posma Baiba Bendika Pasaules kausa kopv\u0113rt\u0113jum\u0101 ar 54 punktiem pak\u0101p\u0101s uz 42. vietu, saglab\u0101jot savu poz\u012bciju iedz\u012b\u0161anas sacens\u012bbu rang\u0101, kur ie\u0146em 62. vietu. Kopv\u0113rt\u0113jum\u0101 l\u012bdere ar 553 punktiem joproj\u0101m ir franc\u016bziete L\u016b \u017danmono.<\/p>\n<p>Iepriek\u0161\u0113jie starti Oberhof\u0101 un perspekt\u012bvas<\/p>\n<p>Pirms iedz\u012b\u0161anas sacens\u012bb\u0101m, piektdien, 8. janv\u0101r\u012b, notiku\u0161aj\u0101 7,5 kilometru sprint\u0101 Baiba Bendika ie\u0146\u0113ma 50. vietu, pie\u013caujot tr\u012bs k\u013c\u016bdas \u0161au\u0161an\u0101. Tas bija viens no vi\u0146as pietic\u012bg\u0101kajiem rezult\u0101tiem sprint\u0101 \u0161aj\u0101 sezon\u0101. Neskatoties uz to, vi\u0146a bija vien\u012bg\u0101 no Latvijas d\u0101m\u0101m, kas kvalific\u0113j\u0101s iedz\u012b\u0161anas sacens\u012bb\u0101m. N\u0101kamais Pasaules kausa posms pl\u0101nots jau 14. janv\u0101r\u012b R\u016bpolding\u0101, V\u0101cij\u0101, ar sievie\u0161u stafetes sacens\u012bb\u0101m.<\/p>\n","protected":false},"excerpt":{"rendered":"Bendika pak\u0101pjas iedz\u012b\u0161an\u0101, neskatoties uz \u010detr\u0101m k\u013c\u016bd\u0101m \u0161au\u0161an\u0101 Sv\u0113tdien, 11. janv\u0101r\u012b, V\u0101cijas pils\u0113t\u0101 Oberhof\u0101 nosl\u0113dz\u0101s biatlona Pasaules kausa&hellip;\n","protected":false},"author":2,"featured_media":102821,"comment_status":"","ping_status":"","sticky":false,"template":"","format":"standard","meta":{"footnotes":""},"categories":[17],"tags":[16007,1499,24917,35,39,38,36,37,34,40,24304,2560,67],"class_list":{"0":"post-102820","1":"post","2":"type-post","3":"status-publish","4":"format-standard","5":"has-post-thumbnail","7":"category-sports","8":"tag-baiba-bendika","9":"tag-biatlons","10":"tag-iedzisanas-sacensibas","11":"tag-latvia","12":"tag-latvian","13":"tag-latviesu","14":"tag-latviesu-valoda","15":"tag-latviesuvaloda","16":"tag-latvija","17":"tag-lv","18":"tag-oberhofa","19":"tag-pasaules-kauss","20":"tag-sports"},"share_on_mastodon":{"url":"https:\/\/pubeurope.com\/@lv\/115886972180597913","error":""},"_links":{"self":[{"href":"https:\/\/www.europesays.com\/lv\/wp-json\/wp\/v2\/posts\/102820","targetHints":{"allow":["GET"]}}],"collection":[{"href":"https:\/\/www.europesays.com\/lv\/wp-json\/wp\/v2\/posts"}],"about":[{"href":"https:\/\/www.europesays.com\/lv\/wp-json\/wp\/v2\/types\/post"}],"author":[{"embeddable":true,"href":"https:\/\/www.europesays.com\/lv\/wp-json\/wp\/v2\/users\/2"}],"replies":[{"embeddable":true,"href":"https:\/\/www.europesays.com\/lv\/wp-json\/wp\/v2\/comments?post=102820"}],"version-history":[{"count":0,"href":"https:\/\/www.europesays.com\/lv\/wp-json\/wp\/v2\/posts\/102820\/revisions"}],"wp:featuredmedia":[{"embeddable":true,"href":"https:\/\/www.europesays.com\/lv\/wp-json\/wp\/v2\/media\/102821"}],"wp:attachment":[{"href":"https:\/\/www.europesays.com\/lv\/wp-json\/wp\/v2\/media?parent=102820"}],"wp:term":[{"taxonomy":"category","embeddable":true,"href":"https:\/\/www.europesays.com\/lv\/wp-json\/wp\/v2\/categories?post=102820"},{"taxonomy":"post_tag","embeddable":true,"href":"https:\/\/www.europesays.com\/lv\/wp-json\/wp\/v2\/tags?post=102820"}],"curies":[{"name":"wp","href":"https:\/\/api.w.org\/{rel}","templated":true}]}}