{"id":102834,"date":"2026-01-13T09:07:07","date_gmt":"2026-01-13T09:07:07","guid":{"rendered":"https:\/\/www.europesays.com\/lv\/102834\/"},"modified":"2026-01-13T09:07:07","modified_gmt":"2026-01-13T09:07:07","slug":"tramps-biede-eiropu-ja-mes-neienemsim-grenlandi-to-izdaris-krievija-vai-kina-nra","status":"publish","type":"post","link":"https:\/\/www.europesays.com\/lv\/102834\/","title":{"rendered":"Tramps bied\u0113 Eiropu: \u201cJa m\u0113s neie\u0146emsim Grenlandi, to izdar\u012bs Krievija vai \u0136\u012bna\u201d &#8211; NRA"},"content":{"rendered":"<ol>\n<li><a href=\"https:\/\/news.google.com\/rss\/articles\/CBMiqwFBVV95cUxOOGJyVi13VHZValp4QUFaNzdlajZRT0pkTGxRb1l5T2p4Umh6ZmZZOUpPR1E1YVFyMENYVWhabEkxQ2Y2QjFJYjgzNVUwTDBQR0kzVzVsdncyQjBDbjlXOTZsaHZIN1BZcXdvRlVuSlVVTEVNZEV0bmpLbWpoQTRKbE9fWG90MzVSV29fcWYwOHpCeFZmTW1pb0dKNDVpdXVxdWlZYThzbmdVa00?oc=5\" target=\"_blank\" rel=\"nofollow noopener\">Tramps bied\u0113 Eiropu: \u201cJa m\u0113s neie\u0146emsim Grenlandi, to izdar\u012bs Krievija vai \u0136\u012bna\u201d<\/a>&nbsp;&nbsp;NRA<\/li>\n<li><a href=\"https:\/\/news.google.com\/rss\/articles\/CBMif0FVX3lxTE9aMmsxZUktZTliQ3NVZkhGNjI2UlVLME9OQUQ2dWpoWXhjUWNvVXVwRDRRVEJ5UmI0RFYwUWdTTndPTlgyQVhwRzNiRzRQRzRVaHFDc1loS1ZtNGJ4QndYbnhWOTFXcVN5dDY1OHp3WDdvQmt0SENBRnVDc1ZrLTA?oc=5\" target=\"_blank\" rel=\"nofollow noopener\">D\u0101nija: Sarunas par Grenlandi notiks jaunned\u0113\u013c<\/a>&nbsp;&nbsp;TVNET<\/li>\n<li><a href=\"https:\/\/news.google.com\/rss\/articles\/CBMikwFBVV95cUxOd3ozUnNuUUNOT2d3UmJjZjcwVG1mQ0V1QVNTMlJKNTdFTFVrTXprUjJqamJFOFBNVzViUXc4Y3V0N3FQMXdZbGhzdVJVQmw2U2t6TTlaaUNxVTNlWDFxc1RiRlYxZFZhQnVpOTNrTXVZZ0VKNlNtYS1BcExhOWFPX29OSlJKMkpWZGJ0UnJ5UktwaFU?oc=5\" target=\"_blank\" rel=\"nofollow noopener\">Medijs: Tramps pav\u0113l\u0113ja izstr\u0101d\u0101t pl\u0101nu iebrukumam Grenland\u0113<\/a>&nbsp;&nbsp;Apollo.lv<\/li>\n<li><a href=\"https:\/\/news.google.com\/rss\/articles\/CBMikAFBVV95cUxNdERPY3dndm1HMkx0U2NVeXN4czBpYVFUZE9wLUdVNDRvOE95SzJpZ1FYVTVIeTRXY1hLYTJTSlg0ajZnWlRuaTh5eExHZlF0UHY1YlRiWmRQaWZDdE11d2R5bWdLM2Y1NGRNUlp3WHhKWHhCN1JpVVJOZG1FVGw3b1hXMV9xZjdDY21FMF9uTmQ?oc=5\" target=\"_blank\" rel=\"nofollow noopener\">NATO gatavojas izvietot karasp\u0113ku Grenland\u0113, lai nomierin\u0101tu Trampu<\/a>&nbsp;&nbsp;NRA<\/li>\n<li><a href=\"https:\/\/news.google.com\/rss\/articles\/CBMizAFBVV95cUxQZTVuR2JGdkhTZkYtWTBTZEZwbTd6U2NTb1p6a1ltdlJKV3pKWWdCb0JwcVBkc2NudXlKSVJfNldCZ0tseE5HTm90UGNNVlBZNktvZUJub3VqZFdnbFRpUjdOeU1tNnY2UmU5UnJFYl9sMUZVcnlmWDFwbFJMb28tbXJRMkhnc1dCLVYxeHNVZDBwS2l3OGVjQXBjYjZaRkplNHlhZDlRTHdsU0tBVlp4b2dOYmYyUU8xNVpFUUkxOXRQaG5wZjZkLWktaTM?oc=5\" target=\"_blank\" rel=\"nofollow noopener\">&#8220;V\u0113lamies b\u016bt grenlandie\u0161i&#8221; \u2013 iedz\u012bvot\u0101ji negrib, lai sala non\u0101ktu Va\u0161ingtonas p\u0101rvald\u012bb\u0101<\/a>&nbsp;&nbsp;Delfi<\/li>\n<\/ol>\n","protected":false},"excerpt":{"rendered":"Tramps bied\u0113 Eiropu: \u201cJa m\u0113s neie\u0146emsim Grenlandi, to izdar\u012bs Krievija vai \u0136\u012bna\u201d&nbsp;&nbsp;NRA D\u0101nija: Sarunas par Grenlandi notiks jaunned\u0113\u013c&nbsp;&nbsp;TVNET&hellip;\n","protected":false},"author":2,"featured_media":102835,"comment_status":"","ping_status":"","sticky":false,"template":"","format":"standard","meta":{"footnotes":""},"categories":[14],"tags":[23,57,28,29,32,33,22,30,31,35,39,38,36,37,34,40,20,26,27,24,25,54,55,56,21,58],"class_list":{"0":"post-102834","1":"post","2":"type-post","3":"status-publish","4":"format-standard","5":"has-post-thumbnail","7":"category-zinas-no-arvalstim","8":"tag-aktualitates","9":"tag-arvalstim","10":"tag-breaking-news","11":"tag-breakingnews","12":"tag-featured-news","13":"tag-featurednews","14":"tag-headlines","15":"tag-latest-news","16":"tag-latestnews","17":"tag-latvia","18":"tag-latvian","19":"tag-latviesu","20":"tag-latviesu-valoda","21":"tag-latviesuvaloda","22":"tag-latvija","23":"tag-lv","24":"tag-news","25":"tag-popularakas-zinas","26":"tag-popularakaszinas","27":"tag-top-stories","28":"tag-topstories","29":"tag-world","30":"tag-world-news","31":"tag-worldnews","32":"tag-zinas","33":"tag-zinas-no-arvalstim"},"share_on_mastodon":{"url":"https:\/\/pubeurope.com\/@lv\/115887003731445163","error":""},"_links":{"self":[{"href":"https:\/\/www.europesays.com\/lv\/wp-json\/wp\/v2\/posts\/102834","targetHints":{"allow":["GET"]}}],"collection":[{"href":"https:\/\/www.europesays.com\/lv\/wp-json\/wp\/v2\/posts"}],"about":[{"href":"https:\/\/www.europesays.com\/lv\/wp-json\/wp\/v2\/types\/post"}],"author":[{"embeddable":true,"href":"https:\/\/www.europesays.com\/lv\/wp-json\/wp\/v2\/users\/2"}],"replies":[{"embeddable":true,"href":"https:\/\/www.europesays.com\/lv\/wp-json\/wp\/v2\/comments?post=102834"}],"version-history":[{"count":0,"href":"https:\/\/www.europesays.com\/lv\/wp-json\/wp\/v2\/posts\/102834\/revisions"}],"wp:featuredmedia":[{"embeddable":true,"href":"https:\/\/www.europesays.com\/lv\/wp-json\/wp\/v2\/media\/102835"}],"wp:attachment":[{"href":"https:\/\/www.europesays.com\/lv\/wp-json\/wp\/v2\/media?parent=102834"}],"wp:term":[{"taxonomy":"category","embeddable":true,"href":"https:\/\/www.europesays.com\/lv\/wp-json\/wp\/v2\/categories?post=102834"},{"taxonomy":"post_tag","embeddable":true,"href":"https:\/\/www.europesays.com\/lv\/wp-json\/wp\/v2\/tags?post=102834"}],"curies":[{"name":"wp","href":"https:\/\/api.w.org\/{rel}","templated":true}]}}