{"id":102844,"date":"2026-01-13T09:14:08","date_gmt":"2026-01-13T09:14:08","guid":{"rendered":"https:\/\/www.europesays.com\/lv\/102844\/"},"modified":"2026-01-13T09:14:08","modified_gmt":"2026-01-13T09:14:08","slug":"prezentes-otra-augstskolu-un-uznemumu-sadarbibas-petijuma-zinasanu-parneses-barometrs-rezultatus","status":"publish","type":"post","link":"https:\/\/www.europesays.com\/lv\/102844\/","title":{"rendered":"Prezent\u0113s otr\u0101 augstskolu un uz\u0146\u0113mumu sadarb\u012bbas p\u0113t\u012bjuma \u201cZin\u0101\u0161anu p\u0101rneses barometrs\u201d rezult\u0101tus"},"content":{"rendered":"<p>15. janv\u0101r\u012b plkst. 11.00 R\u012bgas Tehnisk\u0101s universit\u0101tes (RTU) Zin\u0101tnes un inov\u0101ciju centra z\u0101l\u0113 \u201cThe Moon\u201d, \u0136\u012bpsalas iel\u0101 6a, tiks prezent\u0113ti RTU, Latvijas Darba dev\u0113ju konfeder\u0101cijas (LDDK) un a\u0123ent\u016bras LETA p\u0113t\u012bjuma \u201cZin\u0101\u0161anu p\u0101rneses barometrs\u201d rezult\u0101ti. Tie apliecina, ka uz\u0146\u0113mumu un augstskolu sadarb\u012bba ir noz\u012bm\u012bgs faktors Latvijas tautsaimniec\u012bbas izaugsmei un konkur\u0113tsp\u0113jas veicin\u0101\u0161anai, tom\u0113r t\u0101s potenci\u0101ls v\u0113l netiek piln\u012bb\u0101 izmantots.<\/p>\n<p>P\u0113t\u012bjums tiek veikts otro reizi. Gada laik\u0101 ir v\u0113rojami uzlabojumi attieksm\u0113 pret sadarb\u012bbas noz\u012bmi, savstarp\u0113j\u0101 komunik\u0101cij\u0101, k\u0101 ar\u012b atsevi\u0161\u0137os augstskolu sadarb\u012bbas procesos. Joproj\u0101m apmierin\u0101t\u0101ki ar sadarb\u012bbu ir lielie uz\u0146\u0113mumi, ta\u010du gada laik\u0101 uzlabojies ar\u012b mazo uz\u0146\u0113mumu v\u0113rt\u0113jums. Raugoties n\u0101kotn\u0113, uz\u0146\u0113mumi bie\u017e\u0101k pl\u0101no palielin\u0101t sadarb\u012bbas apjomu, nek\u0101 to samazin\u0101t. Turkl\u0101t liel\u0101k\u0101 da\u013ca uz\u0146\u0113mumu, kuriem jau ir sadarb\u012bbas pieredze, pl\u0101no to turpin\u0101t vai izv\u0113rst.<\/p>\n<p>P\u0113t\u012bjum\u0101 papildu uzman\u012bba v\u0113rsta uz\u0146\u0113mumu re\u0101lajai sadarb\u012bbas pieredzei, apzinot to vajadz\u012bbas partner\u012bb\u0101 ar augstskol\u0101m. Pirmo reizi kop\u0101 ar a\u0123ent\u016bru LETA veikta ar uz\u0146\u0113mumu un augstskolu sadarb\u012bbu saist\u012btu tematu publicit\u0101tes anal\u012bze medijos.<\/p>\n<p>Ar detaliz\u0113tiem p\u0113t\u012bjuma rezult\u0101tiem \u201cZin\u0101\u0161anu p\u0101rneses barometra\u201d prezent\u0101cij\u0101 iepaz\u012bstin\u0101s RTU att\u012bst\u012bbu un finan\u0161u prorektors Art\u016brs Zeps, savuk\u0101rt pane\u013cdiskusij\u0101 par sadarb\u012bbas stiprin\u0101\u0161anu piedal\u012bsies RTU padomes priek\u0161s\u0113d\u0113t\u0101js un AS \u201cSakret Holdings\u201d padomes priek\u0161s\u0113d\u0113t\u0101ja vietnieks Andris Vanags, LDDK prezidents Andris Bite, Izgl\u012bt\u012bbas un zin\u0101tnes ministrijas valsts sekret\u0101rs J\u0101nis Paiders, Latvijas Universit\u0101tes att\u012bst\u012bbas prorektors Enno Ence un a\u0123ent\u016bras LETA Datu pakalpojumu att\u012bst\u012bbas vad\u012bt\u0101js Ivars Svil\u0101ns. Pas\u0101kum\u0101 uzrunu teiks ar\u012b RTU rektors T\u0101lis Juhna.<\/p>\n<p>Prezent\u0101cija b\u016bs skat\u0101ma ar\u012b tie\u0161saist\u0113 a\u0123ent\u016br\u0101 LETA un RTU Facebook un <a href=\"https:\/\/www.youtube.com\/watch?v=Y5vPhRYRuy8\" target=\"_blank\" rel=\"nofollow noopener\">YouTube <\/a>kan\u0101los.<\/p>\n<p>V\u0101cot un analiz\u0113jot \u201cZin\u0101\u0161anu p\u0101rneses barometra\u201d datus, vispirms sadarb\u012bb\u0101 ar LDDK un \u0100rvalstu investoru padomi Latvij\u0101 notika kvantitat\u012bva elektroniska aptauja, kur\u0101 uz\u0146\u0113m\u0113ji tika l\u016bgti v\u0113rt\u0113t uz\u0146\u0113mumu inform\u0113t\u012bbu par sadarb\u012bbas iesp\u0113j\u0101m un pieredzi, minot barjeras, kas trauc\u0113 sadarboties, un ieteikt risin\u0101jumus efekt\u012bv\u0101kai sadarb\u012bbai, k\u0101 ar\u012b pamatot savu sadarb\u012bbas motiv\u0101ciju un ieskic\u0113t n\u0101kotnes nodomus. Aptaujai sekoja padzi\u013cin\u0101t\u0101s intervijas. \u0160oreiz taj\u0101s piedal\u012bj\u0101s p\u0101rst\u0101vji no \u0101rvalstu kapit\u0101la uz\u0146\u0113mumiem, kuriem ir sadarb\u012bbas pieredze ar augstskol\u0101m.\u00a0<\/p>\n<p>Uz\u0146\u0113mumu un augstskolu sadarb\u012bbai ir daudz formu \u2013 komp\u0101nijas un organiz\u0101cijas var iesaist\u012bties studiju procesa pilnveid\u0113, nodro\u0161in\u0101t studentiem prakses vietas, dal\u012bties ar zin\u0101\u0161an\u0101m vieslekcij\u0101s, iesaist\u012bties p\u0113tniec\u012bb\u0101 un sadarboties inov\u0101ciju rad\u012b\u0161an\u0101s un ievie\u0161an\u0101.\u00a0P\u0113t\u012bjums liecina, ka sal\u012bdzino\u0161i akt\u012bv\u0101k\u0101 sadarb\u012bba v\u0113rojama studiju jom\u0101, pied\u0101v\u0101jot studentiem doties praks\u0113 un g\u016bt nozares pieredzi jau studiju laik\u0101.<\/p>\n<p>Partneri \u012bsteno p\u0113t\u012bjumu, lai sekm\u0113tu augstskolu un uz\u0146\u0113mumu sadarb\u012bbu, sniegtu ieskatu \u0161\u0101 br\u012b\u017ea situ\u0101cij\u0101 un izstr\u0101d\u0101tu rekomend\u0101cijas sadarb\u012bbas veicin\u0101\u0161anai.<\/p>\n<p>          <img decoding=\"async\" src=\"https:\/\/www.europesays.com\/lv\/wp-content\/uploads\/2026\/01\/1767645852_487_logo-lv.png\" alt=\"\"\/><\/p>\n<p>                  \u0160\u012b inform\u0101cija ir publisks pazi\u0146ojums un neatspogu\u013co LV port\u0101la viedokli. Par t\u0101s saturu atbild ies\u016bt\u012bt\u0101js. <a data-popup=\"rules\">Public\u0113\u0161anas noteikumi<\/a><\/p>\n","protected":false},"excerpt":{"rendered":"15. janv\u0101r\u012b plkst. 11.00 R\u012bgas Tehnisk\u0101s universit\u0101tes (RTU) Zin\u0101tnes un inov\u0101ciju centra z\u0101l\u0113 \u201cThe Moon\u201d, \u0136\u012bpsalas iel\u0101 6a,&hellip;\n","protected":false},"author":2,"featured_media":102845,"comment_status":"","ping_status":"","sticky":false,"template":"","format":"standard","meta":{"footnotes":""},"categories":[12],"tags":[23,28,29,32,33,22,30,31,35,39,38,36,37,34,40,20,26,27,24,25,21],"class_list":{"0":"post-102844","1":"post","2":"type-post","3":"status-publish","4":"format-standard","5":"has-post-thumbnail","7":"category-latvija","8":"tag-aktualitates","9":"tag-breaking-news","10":"tag-breakingnews","11":"tag-featured-news","12":"tag-featurednews","13":"tag-headlines","14":"tag-latest-news","15":"tag-latestnews","16":"tag-latvia","17":"tag-latvian","18":"tag-latviesu","19":"tag-latviesu-valoda","20":"tag-latviesuvaloda","21":"tag-latvija","22":"tag-lv","23":"tag-news","24":"tag-popularakas-zinas","25":"tag-popularakaszinas","26":"tag-top-stories","27":"tag-topstories","28":"tag-zinas"},"share_on_mastodon":{"url":"https:\/\/pubeurope.com\/@lv\/115887031154475500","error":""},"_links":{"self":[{"href":"https:\/\/www.europesays.com\/lv\/wp-json\/wp\/v2\/posts\/102844","targetHints":{"allow":["GET"]}}],"collection":[{"href":"https:\/\/www.europesays.com\/lv\/wp-json\/wp\/v2\/posts"}],"about":[{"href":"https:\/\/www.europesays.com\/lv\/wp-json\/wp\/v2\/types\/post"}],"author":[{"embeddable":true,"href":"https:\/\/www.europesays.com\/lv\/wp-json\/wp\/v2\/users\/2"}],"replies":[{"embeddable":true,"href":"https:\/\/www.europesays.com\/lv\/wp-json\/wp\/v2\/comments?post=102844"}],"version-history":[{"count":0,"href":"https:\/\/www.europesays.com\/lv\/wp-json\/wp\/v2\/posts\/102844\/revisions"}],"wp:featuredmedia":[{"embeddable":true,"href":"https:\/\/www.europesays.com\/lv\/wp-json\/wp\/v2\/media\/102845"}],"wp:attachment":[{"href":"https:\/\/www.europesays.com\/lv\/wp-json\/wp\/v2\/media?parent=102844"}],"wp:term":[{"taxonomy":"category","embeddable":true,"href":"https:\/\/www.europesays.com\/lv\/wp-json\/wp\/v2\/categories?post=102844"},{"taxonomy":"post_tag","embeddable":true,"href":"https:\/\/www.europesays.com\/lv\/wp-json\/wp\/v2\/tags?post=102844"}],"curies":[{"name":"wp","href":"https:\/\/api.w.org\/{rel}","templated":true}]}}