{"id":102846,"date":"2026-01-13T09:15:14","date_gmt":"2026-01-13T09:15:14","guid":{"rendered":"https:\/\/www.europesays.com\/lv\/102846\/"},"modified":"2026-01-13T09:15:14","modified_gmt":"2026-01-13T09:15:14","slug":"ka-pasvaldibas-kontrole-un-apdrosina-tam-piederosos-ipasumus-raksts-2","status":"publish","type":"post","link":"https:\/\/www.europesays.com\/lv\/102846\/","title":{"rendered":"K\u0101 pa\u0161vald\u012bbas kontrol\u0113 un apdro\u0161ina t\u0101m piedero\u0161os \u012bpa\u0161umus \/ Raksts"},"content":{"rendered":"<p>Pa\u0161vald\u012bb\u0101m vis\u0101 Latvij\u0101 pieder vair\u0101k nek\u0101 66 t\u016bksto\u0161i dz\u012bvok\u013cu, kas ir aptuveni se\u0161i procenti no visiem valst\u012b eso\u0161ajiem m\u0101jok\u013ciem. R\u012bg\u0101 p\u0113d\u0113jos gados biju\u0161i divi gad\u012bjumi, kad tie\u0161i pa\u0161vald\u012bb\u0101m piedero\u0161u dz\u012bvok\u013cu \u012brnieki izrais\u012bju\u0161i nelaimes, kas pras\u012bju\u0161i cilv\u0113ku upurus, k\u0101 ar\u012b kait\u0113ju\u0161i citiem m\u0101jas iedz\u012bvot\u0101jiem. Pa\u0161vald\u012bb\u0101s at\u0161\u0137iras pieredze, k\u0101 kontrol\u0113t, vai \u012brnieki maks\u0101 r\u0113\u0137inus un k\u0101d\u0101 k\u0101rt\u012bb\u0101 uztur telpas.\u00a0<\/p>\n<p>K\u0101da ir pa\u0161vald\u012bbu r\u012bc\u012bba ar t\u0101m piedero\u0161ajiem dz\u012bvok\u013ciem<\/p>\n<p>Pa\u0161vald\u012bba var nezin\u0101t par\u0101du apjomu\u00a0<\/p>\n<p>To, vai \u012brnieki apzin\u012bgi maks\u0101 r\u0113\u0137inus, bie\u017ei vien uzmana ne jau pa\u0161as pa\u0161vald\u012bbas, bet to uz\u0146\u0113mumi, kas p\u0101rvalda to nekustamos \u012bpa\u0161umus.\u00a0<\/p>\n<p>Piem\u0113ram, R\u012bg\u0101 to dara divas pa\u0161vald\u012bbas kapit\u0101lsabiedr\u012bbas &#8220;R\u012bgas nami&#8221; un &#8220;R\u012bgas namu p\u0101rvaldnieks&#8221;. L\u012bdz ar to\u00a0<\/p>\n<blockquote>\n<p>R\u012bgas domei nemaz nav zin\u0101ms, k\u0101dus par\u0101dus uzkr\u0101ju\u0161i tai piedero\u0161o dz\u012bvok\u013cu \u012brnieki.\u00a0<\/p>\n<\/blockquote>\n<p>Tom\u0113r R\u012bgas domes M\u0101jok\u013cu un vides komitejas priek\u0161s\u0113d\u0113t\u0101ja El\u012bna Treija (Nacion\u0101l\u0101 apvien\u012bba)\u00a0uzskata, ka apjom\u012bgi \u0161ie par\u0101di nevar\u0113tu b\u016bt:\u00a0<\/p>\n<p>&#8220;T\u0101 prakse ir nepielaist \u0161os par\u0101dus ilg\u0101kus par trim m\u0113ne\u0161iem. Nu princip\u0101 vienm\u0113r ar\u012b tad, kad ir iekav\u0113ti m\u0113ne\u0161i, jau tiek nos\u016bt\u012btas br\u012bdin\u0101juma v\u0113stules un vismaz, k\u0101 nor\u0101da dz\u012bvok\u013cu p\u0101rvalde, 80 procentos gad\u012bjumu uzreiz ar\u012b tiek nomaks\u0101ts par\u0101ds vai s\u0101kts da\u013c\u0113ji maks\u0101t. Princip\u0101 l\u012bdz t\u0101d\u0101m tiesved\u012bb\u0101m par izlik\u0161anu non\u0101k reti.&#8221;\u00a0<\/p>\n<p>Vi\u0146a apgalvoja, ka savulaik, kad R\u012bg\u0101 bijusi cita politisk\u0101 vara, pa\u0161vald\u012bba esot devusi p\u0101rvaldniekiem neofici\u0101lu r\u012bkojumu nepiedz\u012bt par\u0101dus, bet nu situ\u0101cija radik\u0101li main\u012bjusies. Esot gan seni par\u0101di, bet aktu\u0101los r\u0113\u0137inus piedzenot akt\u012bvi. Tiesa, pa\u0161vald\u012bbu dz\u012bvok\u013cu \u012brnieki esot k\u016btr\u0101ki maks\u0101t\u0101ji nek\u0101 daudz\u012bvvok\u013cu m\u0101ju iem\u012btnieki kopum\u0101.\u00a0<\/p>\n<p>SIA &#8220;R\u012bgas nami&#8221; p\u0101rvald\u012bb\u0101 ir aptuveni 7000 R\u012bgas domei piedero\u0161o dz\u012bvok\u013cu. Latvijas Radio uz\u0146\u0113mum\u0101 noskaidroja, ka b\u016btiski kav\u0113to \u012bres un komun\u0101lo pakalpojumu maks\u0101jumu \u012bpatsvars ir ap 4 procentiem no visiem r\u0113\u0137iniem. &#8220;R\u012bgas namu p\u0101rvaldnieka&#8221; p\u0101rvald\u012btajos namos r\u0113\u0137inus laikus nomaks\u0101 teju 80 procenti pa\u0161vald\u012bbu dz\u012bvok\u013cu \u012brnieku, bet gada griezum\u0101 par\u0101di ir vien se\u0161iem procentiem \u0161o \u012brnieku.\u00a0<\/p>\n<p>G\u0101zes un elektr\u012bbas r\u0113\u0137inu nomaksai pa\u0161vald\u012bba nesekojot, jo, k\u0101 uzsver Treija, &#8220;t\u0101s nav domes saist\u012bbas&#8221;.\u00a0<\/p>\n<p>Valmieras novada pa\u0161vald\u012bbas Dz\u012bvok\u013cu komisijas priek\u0161s\u0113d\u0113t\u0101ja Zane Stu\u0137\u0113na bilda, ka pa\u0161vald\u012bba, sazinoties ar namu p\u0101rvaldniekiem, seko r\u0113\u0137inu apmaksai, lai laikus paman\u012btu probl\u0113mas, ja t\u0101das b\u016btu. Ta\u010du g\u0101zes vai elektr\u012bbas r\u0113\u0137ina nomaksu neuzmana ar\u012b te.\u00a0<\/p>\n<p>Ventspil\u012b \u012brnieki pat par visiem komun\u0101lajiem pakalpojumiem maks\u0101 &#8220;pa tie\u0161o&#8221; pakalpojumu sniedz\u0113jiem, kuri ar\u012b uzrauga saist\u012bbu izpildi. Pa\u0161vald\u012bba vai, prec\u012bz\u0101k sakot, t\u0101s uz\u0146\u0113mums &#8220;Ventspils nekustamie \u012bpa\u0161umi&#8221; past\u0101v\u012bgi seko tikai \u012bres nomaksai, ko kav\u0113 tikai aptuveni \u010detri procenti \u012brnieku. Nepilns procents \u012brnieku nav maks\u0101ju\u0161i vismaz gadu. \u012ares maksa vid\u0113ji ir zem 30 centiem par kvadr\u0101tmetru. Tom\u0113r pa\u0161vald\u012bbas uz\u0146\u0113mums ik pa laikam iev\u0101c inform\u0101ciju par par\u0101diem ar\u012b no cit\u0101m pa\u0161vald\u012bbas kapit\u0101lsabiedr\u012bb\u0101m, piem\u0113ram, \u016bdens un siltuma pieg\u0101d\u0101t\u0101jiem. Vienota algoritma, cik bie\u017ei \u0161\u0101da inform\u0101cija tiek iev\u0101kta, gan nav, atzina uz\u0146\u0113muma &#8220;Ventspils nekustamie \u012bpa\u0161umi&#8221; jurists Didzis P\u016bli\u0146\u0161.\u00a0<\/p>\n<p>Tikm\u0113r Prei\u013cu novada Nekustam\u0101 \u012bpa\u0161uma da\u013cas vad\u012bt\u0101ja Vita Pastare Latvijas Radio pauda, ka pa\u0161vald\u012bbai ir laba sadarb\u012bba ar g\u0101zes uz\u0146\u0113mumu, kur\u0161 zi\u0146o, kad k\u0101d\u0101 pa\u0161vald\u012bbas dz\u012bvokl\u012b pl\u0101nota g\u0101zes atsl\u0113g\u0161ana vai nevar iek\u013c\u016bt telp\u0101s. Tiesa, probl\u0113mas radot personu datu aizsardz\u012bbas pras\u012bbas, jo, piem\u0113ram, elektr\u012bbas pieg\u0101d\u0101t\u0101js pa\u0161vald\u012bbai atsak\u0101s sniegt zi\u0146as par personas par\u0101diem.\u00a0<\/p>\n<p>Treija uz jaut\u0101jumu, vai tad, ja R\u012bgas pa\u0161vald\u012bba b\u016btu laikus sekojusi g\u0101zes r\u0113\u0137inu nomaksai Bauskas ielas nam\u0101, kur spr\u0101dziens\u00a0notika, visticam\u0101k, veidojot neleg\u0101lu piesl\u0113gumu g\u0101zei, domniece atteica:\u00a0<\/p>\n<blockquote>\n<p>&#8220;M\u0113s nevaram no pa\u0161vald\u012bbas puses paredz\u0113t t\u0101du proced\u016bru, kas b\u016btu tik operat\u012bva, kad br\u012bd\u012b, kad vi\u0146\u0161 s\u0101k kaut ko neleg\u0101li r\u012bkoties, kaut ko dar\u012bt ar \u0161o cilv\u0113ku.&#8221;\u00a0<\/p>\n<\/blockquote>\n<p>Pa\u0161vald\u012bba pat nezinot, kas bijis g\u0101zes pieg\u0101d\u0101t\u0101js attiec\u012bgajam miteklim.\u00a0<\/p>\n<p>Turkl\u0101t Bauskas ielas attiec\u012bg\u0101 dz\u012bvok\u013ca \u012brnieks sa\u0146\u0113mis no pa\u0161vald\u012bbas m\u0101jok\u013ca pabalstu, ko var izmantot ar\u012b g\u0101zes r\u0113\u0137inu nomaksai. T\u0101p\u0113c nav bijis pamata dom\u0101t, ka veidojas par\u0101ds, kas noved\u012bs pie g\u0101zes atsl\u0113g\u0161anas. Treija piebilda:\u00a0<\/p>\n<p>&#8220;Bet attiec\u012bb\u0101 uz konkr\u0113to klientu par\u0101di pa\u0161vald\u012bbai [vi\u0146am] nebija un vi\u0146am v\u0113l pirms m\u0113ne\u0161a tika atjaunots un pagarin\u0101ts \u012bres l\u012bgums.&#8221;\u00a0<\/p>\n<p>L\u012bdz\u012bgi sprieda Ekonomikas ministrijas M\u0101jok\u013cu politikas departamenta direktors M\u0101rti\u0146\u0161 Auders:\u00a0<\/p>\n<p>&#8220;Tur, man liekas, absol\u016bti bezj\u0113dz\u012bgi mekl\u0113t kaut k\u0101du risin\u0101jumu ar p\u0101rbaud\u0113m un cit\u0101m liet\u0101m. Tas tikai palielin\u0101s administrat\u012bvo slogu un nek\u0101du rezult\u0101tu nedos. Ja ir sarun\u0101tas viz\u012btes noteiktos laikos, iesp\u0113jams, vi\u0146i dro\u0161i vien tos [neleg\u0101los piesl\u0113gumus] var likvid\u0113t, nosl\u0113pt un p\u0113c tam atjaunot.&#8221;\u00a0<\/p>\n<p>Tom\u0113r to, ka pa\u0161vald\u012bbas neseko vai tikai da\u013c\u0113ji seko r\u0113\u0137inu apmaksai t\u0101m piedero\u0161ajos dz\u012bvok\u013cos, Auders\u00a0<\/p>\n<blockquote>\n<p>v\u0113rt\u0113ja k\u0101 glob\u0101lu probl\u0113mu, kas b\u016btu nov\u0113r\u0161ama.\u00a0<\/p>\n<\/blockquote>\n<p>&#8220;San\u0101k t\u0101, ka pa\u0161vald\u012bba ir dz\u012bvok\u013ca \u012bpa\u0161nieks, bet par visiem maks\u0101jumiem ir j\u0101iet pret \u012brnieku. Un, ja kaut kas nesakr\u012bt, bie\u017ei vien t\u0101 pa\u0161vald\u012bbas kapit\u0101lsabiedr\u012bba, vi\u0146i var pras\u012bt pa\u0161vald\u012bbai, bet ir gad\u012bjumi, kad nesedz izdevumus un saka: str\u0101d\u0101 ar m\u016bsu \u012brnieku, un tas nav pareizi. Prim\u0101ri k\u0101 dz\u012bvok\u013ca \u012bpa\u0161nieks atbild konkr\u0113t\u0101 pa\u0161vald\u012bba. Teiksim t\u0101, mums p\u0101rvaldnieki teiku\u0161i, ka vi\u0146iem t\u0101s rokas par \u012bsu, jo vi\u0146i k\u0101 pa\u0161vald\u012bbas kapit\u0101lsabiedr\u012bbas nevar v\u0113rsties ties\u0101 pret savu kapit\u0101lda\u013cu tur\u0113t\u0101ju, lai gan tiesu prakse pasaka, ka pa\u0161vald\u012bba ir tie\u0161i t\u0101ds pats dz\u012bvok\u013ca \u012bpa\u0161nieks k\u0101 citi,&#8221; vi\u0146\u0161 kl\u0101st\u012bja.\u00a0<\/p>\n<p>\u0112ku p\u0101rvaldnieki ir s\u016bdz\u0113ju\u0161ies ministrijai par gad\u012bjumiem, kad par\u0101dus nenosedz ne \u012brnieks, ne pa\u0161vald\u012bba k\u0101 dz\u012bvok\u013ca \u012bpa\u0161nieks. Ministrija apsverot, k\u0101 \u0161o probl\u0113mu risin\u0101t jaunaj\u0101 Dz\u012bvok\u013cu m\u0101ju p\u0101rvald\u012b\u0161anas likum\u0101.\u00a0<\/p>\n<p>&#8220;Ventspils nekustamo \u012bpa\u0161umu&#8221; valdes priek\u0161s\u0113d\u0113t\u0101js Arm\u012bns Kleinbergs gan st\u0101st\u012bja, ka vi\u0146a vad\u012btajam pa\u0161vald\u012bbas uz\u0146\u0113mumam ir vieno\u0161an\u0101s ar domi, ka t\u0101 k\u0101 \u012bpa\u0161nieks sedz par\u0101dus, ja tos nav iesp\u0113jams piedz\u012bt no \u012brnieka.\u00a0<\/p>\n<p>Toties Pa\u0161vald\u012bbu savien\u012bbas padomnieks tautsaimniec\u012bbas jaut\u0101jumos Aino Salmi\u0146\u0161 dom\u0101, ka ne jau no pa\u0161vald\u012bb\u0101m j\u0101prasa liel\u0101ka atbild\u012bba:\u00a0<\/p>\n<p>&#8220;Katr\u0101 zi\u0146\u0101 ir j\u0101r\u0113\u0137in\u0101s ar to, ka soci\u0101lie dz\u012bvok\u013ci&#8230; \u0161\u0101da veida m\u0101jok\u013cos, protams, zin\u0101m\u0101 m\u0113r\u0101 risks past\u0101v, un dro\u0161i vien, ka ir j\u0101run\u0101 par to, ka ir j\u0101paaugstina pakalpojuma sniedz\u0113ja atbild\u012bba. Kaut vai tam pa\u0161am &#8220;Gaso&#8221;.\u00a0<\/p>\n<p>&#8220;Gaso&#8221; Bauskas ielas nama gad\u012bjum\u0101 gan ir g\u0101zes pieg\u0101d\u0101t\u0101js, nevis p\u0101rdev\u0113js.\u00a0<\/p>\n<p>Apburtais loks ar pa\u0161vald\u012bbu neuzved\u012bgajiem \u012brniekiem: nav j\u0113gas izlikt, jo b\u016bs j\u0101pie\u0161\u0137ir cits miteklis\u00a0<\/p>\n<p>R\u012bg\u0101 pa\u0161vald\u012bbai piedero\u0161o dz\u012bvok\u013cu skaits nemit\u012bgi main\u0101s, jo da\u013cu atsavina, bet da\u013ca n\u0101k kl\u0101t k\u0101 bezsaimnieka manta. Kopum\u0101 tie ir ap 11 500. Nepilni 2000 ir soci\u0101lie dz\u012bvok\u013ci.\u00a0<\/p>\n<p>L\u012bdz\u012bgi Ventspil\u012b skaits main\u0101s, bet ir vair\u0101k nek\u0101 2500 dz\u012bvok\u013ci. Pamaz\u0101m pa\u0161vald\u012bbai piedero\u0161o dz\u012bvok\u013cu skaits samazin\u0101s: ja tie nav nepiecie\u0161ami k\u0101diem potenci\u0101lajiem \u012brniekiem, tad tos p\u0101rdod.\u00a0<\/p>\n<p>Valmieras novadam pieder 1400 m\u0101jok\u013cu, kuru vid\u016b ir gan atsevi\u0161\u0137i dz\u012bvok\u013ci, gan ar\u012b istabas, kuru iem\u012btniekiem j\u0101iztiek ar koplieto\u0161anas virtuvi un labier\u012bc\u012bb\u0101m.\u00a0<\/p>\n<p>Prei\u013cu novada pa\u0161vald\u012bbai pieder 292 dz\u012bvok\u013ci, taj\u0101 skait\u0101 64 soci\u0101lie.\u00a0<\/p>\n<p>Centr\u0101l\u0101 statistikas p\u0101rvalde apr\u0113\u0137in\u0101jusi, ka R\u012bgas re\u0123ion\u0101 pa\u0161vald\u012bb\u0101m piedero\u0161u m\u0101jok\u013cu \u012bpatsvars sv\u0101rst\u0101s no 0,34\u00a0% (\u0100da\u017eu novads), kas ir viszem\u0101kais r\u0101d\u012bt\u0101js vis\u0101 valst\u012b, l\u012bdz 4\u00a0% (R\u012bg\u0101), ta\u010du \u0123eogr\u0101fiski t\u0101l\u0101k no R\u012bgas \u0161\u0101ds m\u0101jok\u013cu \u012bpatsvars pieaug. Visliel\u0101kais \u012bpatsvars ar pa\u0161vald\u012bbai piedero\u0161ajiem vai piekr\u012bto\u0161ajiem m\u0101jok\u013ciem ir L\u012bv\u0101nu novad\u0101 (17,17\u00a0%), kam seko Dienvidkurzemes novads (16,41\u00a0%) un J\u0113kabpils novads (16,17\u00a0%).<\/p>\n<p>Nomin\u0101li visliel\u0101kais pa\u0161vald\u012bbai piedero\u0161o vai piekr\u012bto\u0161o m\u0101jok\u013cu skaits ir R\u012bgai (13 688), kam seko Liep\u0101ja (5028) un Daugavpils (4423). Viszem\u0101kais pa\u0161vald\u012bbai piedero\u0161o vai piekr\u012bto\u0161o m\u0101jok\u013cu skaits ir \u0100da\u017eu novadam (39), Saulkrastu novadam (90) un M\u0101rupes novadam (131).<\/p>\n<p>J\u0101piebilst, ka da\u013ca no pa\u0161vald\u012bbu \u012bpa\u0161um\u0101 eso\u0161ajiem dz\u012bvok\u013ciem \u0161obr\u012bd dz\u012bvo\u0161anai nemaz nav izmantojami.\u00a0<\/p>\n<p>B\u016btiski, ka ne jau visus m\u0101jok\u013cus pa\u0161vald\u012bba pie\u0161\u0137ir k\u0101 soci\u0101lo pal\u012bdz\u012bbu. Liela da\u013ca dz\u012bvok\u013cu, kas pieder pa\u0161vald\u012bb\u0101m, ir t\u0101di, kur ir ilggad\u0113ji \u012brnieki, kas k\u0101du iemeslu d\u0113\u013c nol\u0113mu\u0161i \u0161os dz\u012bvok\u013cus neprivatiz\u0113t. Citviet, piem\u0113ram, Ventspil\u012b, da\u013cu pa\u0161vald\u012bbu dz\u012bvok\u013cu iz\u012br\u0113 da\u017e\u0101du pa\u0161vald\u012bbas iest\u0101\u017eu darbiniekiem un ar\u012b da\u013ca viet\u0113jo uz\u0146\u0113mumu darbinieku var uz tiem pretend\u0113t.\u00a0<\/p>\n<p>Pa\u0161vald\u012bbas gan pa\u0161as soci\u0101li mazaizsarg\u0101takajiem pie\u0161\u0137ir m\u0101jok\u013ca pabalstu, bet pat \u0161o naudu tom\u0113r ir iesp\u0113jas izt\u0113r\u0113t kam citam. No sarun\u0101m ar pa\u0161vald\u012bbu p\u0101rst\u0101vjiem noprotams, ka t\u0101s nesteidz lauzt \u012bres l\u012bgumus par\u0101du d\u0113\u013c. Treija kl\u0101sta: tas t\u0101p\u0113c, ka liel\u0101 da\u013c\u0101 gad\u012bjumu \u0161o dz\u012bvok\u013cu \u012brniekiem soci\u0101l\u0101 st\u0101vok\u013ca d\u0113\u013c ir ties\u012bbas uz pa\u0161vald\u012bbas pal\u012bdz\u012bbu un, izlikti no dz\u012bvok\u013ca, tie atkal var iest\u0101ties rind\u0101. L\u012bdz ar to veidojas apburtais loks.\u00a0<\/p>\n<p>L\u012bdz\u012bgi sprieda &#8220;Venstpils nekustamo \u012bpa\u0161umu&#8221; jurists Didzis P\u016bli\u0146\u0161:\u00a0<\/p>\n<p>&#8220;Mums bie\u017ei vien ir tas neizb\u0113gamais ri\u0146\u0137is, kur m\u0101jsaimniec\u012bba sistem\u0101tiski uzvedas ne t\u0101, k\u0101 vajag, bet likums dod vi\u0146ai ties\u012bbas dz\u012bvot k\u0101d\u0101 no pa\u0161vald\u012bbas dz\u012bvok\u013ciem, tad nu pa\u0161vald\u012bbai ir j\u0101skat\u0101s, kur nu lab\u0101k \u0161o m\u0101jsaimniec\u012bbu izvietot.&#8221;\u00a0<\/p>\n<p>Ar\u012b Stu\u0137\u0113na par pieeju Valmieras novad\u0101 st\u0101st\u012bja, ka izlik\u0161ana ir p\u0113d\u0113jais solis, ko pa\u0161vald\u012bba sper. Pirms tam cen\u0161oties izprast situ\u0101ciju un varb\u016bt ier\u0101d\u012bt l\u0113t\u0101ku m\u0101jokli.\u00a0<\/p>\n<p>Pa\u0161vald\u012bb\u0101s uzsv\u0113ra, ka gad\u012bjumi, kad biju\u0161ais \u012brnieks paliek uz ielas, ir reti, un tas nekad nenotiek ar \u0123imen\u0113m, kur\u0101s ir b\u0113rni.\u00a0<\/p>\n<p>Atgrie\u017eoties pie dro\u0161\u012bbas jaut\u0101jumiem, at\u0161\u0137ir\u012bga ir pa\u0161vald\u012bbu pieeja, uzmanot, k\u0101d\u0101 k\u0101rt\u012bb\u0101 ir m\u0101joklis, vai tur nav veiktas ar\u012b neat\u013cautas darb\u012bbas. R\u012bg\u0101 \u012brnieku &#8220;uzved\u012bbu&#8221; v\u0113rt\u0113, kad j\u0101lemj par \u012bres l\u012bguma pagarin\u0101\u0161anu, ta\u010du veic ar\u012b dz\u012bvok\u013cu inspekciju reizi trijos gados. Ja konstat\u0113 k\u0101das nelikum\u012bbas, t\u0101s prasa nov\u0113rst. Attiec\u012bgais Bauskas ielas dz\u012bvoklis p\u0113d\u0113jo reizi apsekots 2023. gad\u0101. \u0160ogad tas b\u016btu bijis j\u0101dara atkal.\u00a0<\/p>\n<p>Valmieras novad\u0101 tikai rea\u0123\u0113 uz kaimi\u0146u s\u016bdz\u012bb\u0101m. Ja vi\u0146i\u00a0s\u016brojas, piem\u0113ram, par troksni, tad b\u016bvvaldes p\u0101rst\u0101vis ierodas p\u0101rbaud\u012bt, vai nav s\u0101kta nelikum\u012bga p\u0101rb\u016bve.\u00a0<\/p>\n<p>L\u012bdz\u012bgi ir Ventspil\u012b. Gad\u0101s, ka soci\u0101lais dienests zi\u0146o, kad paman\u012bjis k\u0101dus p\u0101rk\u0101pumus. Parasti gan tad nav runa par neat\u013cautu b\u016bvniec\u012bbu, bet sanit\u0101ro normu neiev\u0113ro\u0161anu un trok\u0161\u0146o\u0161anu.\u00a0<\/p>\n<p>Pa\u0161vald\u012bb\u0101m da\u017e\u0101da pieeja dz\u012bvok\u013cu\u00a0apdro\u0161in\u0101\u0161an\u0101\u00a0<\/p>\n<p>R\u012bg\u0101 apr\u0113\u0137in\u0101ts, ka tas neatmaks\u0101jas, jo izmaks\u0101tu miljonus. L\u0113t\u0101k tad esot segt zaud\u0113jumus, ja kas notiek. Ar\u012b Aino\u00a0Salmi\u0146\u0161 no Latvijas\u00a0pa\u0161vald\u012bbu savien\u012bbas uzskata, ka apdro\u0161in\u0101\u0161anas izmaksas ir \u013coti nedraudz\u012bgas un nesam\u0113r\u012bgi lielas. Vi\u0146apr\u0101t, lai segtu izmaksas, kas spr\u0101dziena d\u0113\u013c\u00a0radu\u0161\u0101s\u00a0Bauskas ielas nam\u0101, R\u012bgas dome var\u0113tu l\u016bgt vald\u012bbu pie\u0161\u0137irt naudu no valsts bud\u017eeta programmas neparedz\u0113tiem gad\u012bjumiem.\u00a0<\/p>\n<p>&#8220;Ventspils nekustamie \u012bpa\u0161umi&#8221; toties ir apdro\u0161in\u0101ju\u0161i gan dz\u012bvok\u013cus, gan civiltiesisko apdro\u0161in\u0101\u0161anu, kaut atz\u012bst, ka tas ir \u013coti d\u0101rgi, un prec\u012bzas izmaksas tur nebija saskait\u012btas. Apdro\u0161in\u0101ju\u0161i ar\u012b savu k\u0101 apsaimniekot\u0101ju komercdarb\u012bbu, tas ar\u012b var segt apdro\u0161in\u0101\u0161anas gad\u012bjumus, kas skar \u0113kas kop\u012bpa\u0161umu. Ir jau biju\u0161i apdro\u0161in\u0101\u0161anas gad\u012bjumi, visbie\u017e\u0101k, kad \u012brnieks appludin\u0101jis apak\u0161\u0113jos dz\u012bvok\u013cus. Apdro\u0161in\u0101\u0161anas gad\u012bjumu skaits pieaugot.\u00a0<\/p>\n<p>Tikm\u0113r Ekonomikas ministrij\u0101 uzskata, ka j\u0101virz\u0101s uz m\u0101jas k\u0101 konstrukcijas apdro\u0161in\u0101\u0161anu. \u0160\u0101du polisi ieg\u0101d\u0101tos dz\u012bvok\u013ca \u012bpa\u0161nieku kop\u012bba, t\u0101tad ar\u012b priv\u0101tpersonas. Ta\u010du nav pl\u0101nots noteikt \u0161\u0101du apdro\u0161in\u0101\u0161anu k\u0101 oblig\u0101tu.<\/p>\n","protected":false},"excerpt":{"rendered":"Pa\u0161vald\u012bb\u0101m vis\u0101 Latvij\u0101 pieder vair\u0101k nek\u0101 66 t\u016bksto\u0161i dz\u012bvok\u013cu, kas ir aptuveni se\u0161i procenti no visiem valst\u012b eso\u0161ajiem&hellip;\n","protected":false},"author":2,"featured_media":102825,"comment_status":"","ping_status":"","sticky":false,"template":"","format":"standard","meta":{"footnotes":""},"categories":[5],"tags":[23,28,29,32,33,22,30,31,35,39,38,36,37,34,40,20,26,27,24,25,21],"class_list":{"0":"post-102846","1":"post","2":"type-post","3":"status-publish","4":"format-standard","5":"has-post-thumbnail","7":"category-aktualitates","8":"tag-aktualitates","9":"tag-breaking-news","10":"tag-breakingnews","11":"tag-featured-news","12":"tag-featurednews","13":"tag-headlines","14":"tag-latest-news","15":"tag-latestnews","16":"tag-latvia","17":"tag-latvian","18":"tag-latviesu","19":"tag-latviesu-valoda","20":"tag-latviesuvaloda","21":"tag-latvija","22":"tag-lv","23":"tag-news","24":"tag-popularakas-zinas","25":"tag-popularakaszinas","26":"tag-top-stories","27":"tag-topstories","28":"tag-zinas"},"share_on_mastodon":{"url":"https:\/\/pubeurope.com\/@lv\/115887035053772320","error":""},"_links":{"self":[{"href":"https:\/\/www.europesays.com\/lv\/wp-json\/wp\/v2\/posts\/102846","targetHints":{"allow":["GET"]}}],"collection":[{"href":"https:\/\/www.europesays.com\/lv\/wp-json\/wp\/v2\/posts"}],"about":[{"href":"https:\/\/www.europesays.com\/lv\/wp-json\/wp\/v2\/types\/post"}],"author":[{"embeddable":true,"href":"https:\/\/www.europesays.com\/lv\/wp-json\/wp\/v2\/users\/2"}],"replies":[{"embeddable":true,"href":"https:\/\/www.europesays.com\/lv\/wp-json\/wp\/v2\/comments?post=102846"}],"version-history":[{"count":0,"href":"https:\/\/www.europesays.com\/lv\/wp-json\/wp\/v2\/posts\/102846\/revisions"}],"wp:featuredmedia":[{"embeddable":true,"href":"https:\/\/www.europesays.com\/lv\/wp-json\/wp\/v2\/media\/102825"}],"wp:attachment":[{"href":"https:\/\/www.europesays.com\/lv\/wp-json\/wp\/v2\/media?parent=102846"}],"wp:term":[{"taxonomy":"category","embeddable":true,"href":"https:\/\/www.europesays.com\/lv\/wp-json\/wp\/v2\/categories?post=102846"},{"taxonomy":"post_tag","embeddable":true,"href":"https:\/\/www.europesays.com\/lv\/wp-json\/wp\/v2\/tags?post=102846"}],"curies":[{"name":"wp","href":"https:\/\/api.w.org\/{rel}","templated":true}]}}