{"id":102847,"date":"2026-01-13T09:17:08","date_gmt":"2026-01-13T09:17:08","guid":{"rendered":"https:\/\/www.europesays.com\/lv\/102847\/"},"modified":"2026-01-13T09:17:08","modified_gmt":"2026-01-13T09:17:08","slug":"latvijas-kerlingistiem-atkal-pietrukst-viena-uzvara-lai-sasniegtu-pasaules-cempionata-elites-grupu-lente-lv","status":"publish","type":"post","link":"https:\/\/www.europesays.com\/lv\/102847\/","title":{"rendered":"Latvijas k\u0113rlingistiem atkal pietr\u016bkst viena uzvara, lai sasniegtu pasaules \u010dempion\u0101ta elites grupu\u00a0\u2014\u00a0Lente.lv"},"content":{"rendered":"<p>Latvijas duets Gaidule\/Buncis aizvad\u012bjis Pasaules \u010dempion\u0101ta kvalifik\u0101cijas turn\u012bru<\/p>\n<p>Skotijas pils\u0113t\u0101 Damfr\u012bs\u0101 no 5. l\u012bdz 10. janv\u0101rim norisin\u0101j\u0101s Pasaules k\u0113rlinga feder\u0101cijas (WCF) kvalifik\u0101cijas turn\u012brs pasaules \u010dempion\u0101tam jauktajiem p\u0101riem 2026. gad\u0101. Latviju \u0161aj\u0101 noz\u012bm\u012bgaj\u0101 sacens\u012bb\u0101s p\u0101rst\u0101v\u0113ja Katr\u012bna Gaidule un Roberts Reinis Buncis.<\/p>\n<p>Latvijas p\u0101ris, demonstr\u0113jot stabilu sniegumu, ar \u010detr\u0101m uzvar\u0101m piec\u0101s sp\u0113l\u0113s apak\u0161grup\u0101 ieguva otro vietu un nodro\u0161in\u0101ja vietu izsl\u0113g\u0161anas sp\u0113l\u0113s. Iz\u0161\u0137iro\u0161aj\u0101 c\u012b\u0146\u0101 par kvalifik\u0101ciju uz pasaules \u010dempion\u0101tu, kas norisin\u0101sies \u017den\u0113v\u0101, \u0160veic\u0113, latvie\u0161i diem\u017e\u0113l atzina Ung\u0101rijas p\u0101r\u0101kumu ar rezult\u0101tu 5:9.<\/p>\n<p>Sp\u0113\u013cu gaita un rezult\u0101ti<\/p>\n<p>Turn\u012bru Latvijas duets uzs\u0101ka veiksm\u012bgi, p\u0101rliecino\u0161i uzvarot Braz\u012bliju ar 11:3. Sekoja uzvara p\u0101r Portug\u0101li ar 7:5 un Slov\u0113niju ar 7:2. Grupas turn\u012bra s\u012bv\u0101kaj\u0101 sp\u0113l\u0113 pret Ung\u0101riju tika piedz\u012bvots zaud\u0113jums ar 3:8, ta\u010du nosl\u0113dzo\u0161aj\u0101 grupas sp\u0113l\u0113 tika izc\u012bn\u012bta uzvara p\u0101r Rum\u0101niju ar 8:5, nodro\u0161inot otro vietu grup\u0101.<\/p>\n<p>Izsl\u0113g\u0161anas k\u0101rt\u0101 Latvijas p\u0101ris aizvad\u012bja saspringtu sp\u0113li pret \u012ariju, kur\u0101 izdev\u0101s izraut uzvaru ar 6:5. Tom\u0113r galvenaj\u0101 c\u012b\u0146\u0101 par ce\u013caz\u012bmi uz pasaules \u010dempion\u0101tu pret Ung\u0101riju, latvie\u0161i piedz\u012bvoja zaud\u0113jumu ar 5:9. Tas noz\u012bm\u0113, ka otro gadu p\u0113c k\u0101rtas Latvijas k\u0113rlingistus l\u012bdz elites l\u012bmenim \u0161\u0137ir viena uzvara.<\/p>\n<p>Iepriek\u0161\u0113j\u0101 sezona un n\u0101kotnes perspekt\u012bvas<\/p>\n<p>\u0160\u012b nav pirm\u0101 reize, kad Gaidule un Buncis ir tuvu kvalifik\u0101cijai uz pasaules \u010dempion\u0101tu. Iepriek\u0161\u0113j\u0101 sezon\u0101 vi\u0146i bija vienas uzvaras att\u0101lum\u0101, ta\u010du tas deva noz\u012bm\u012bgus reitinga punktus un iesp\u0113ju piedal\u012bties olimpisk\u0101s kvalifik\u0101cijas turn\u012br\u0101. Lai gan olimpisk\u0101s sp\u0113les nav sasniegtas, pieredze un sniegums starptautiskos turn\u012bros, tostarp uzvaras WCT Latvian Mixed Doubles Curling Cup un 3. vieta \u201cNCT Mixed Doubles Lodz 2025\u201d turn\u012br\u0101 Polij\u0101, apliecina p\u0101ra potenci\u0101lu.<\/p>\n<p>Lai gan \u0161is rezult\u0101ts ir r\u016bgts, tas dod stimulu turpin\u0101t darbu un gatavoties n\u0101kamaj\u0101m sacens\u012bb\u0101m. Latvijas K\u0113rlinga asoci\u0101cija un K\u0113rlinga halle turpina atbalst\u012bt sportistus, cerot uz pan\u0101kumiem n\u0101kotn\u0113.<\/p>\n","protected":false},"excerpt":{"rendered":"Latvijas duets Gaidule\/Buncis aizvad\u012bjis Pasaules \u010dempion\u0101ta kvalifik\u0101cijas turn\u012bru Skotijas pils\u0113t\u0101 Damfr\u012bs\u0101 no 5. l\u012bdz 10. janv\u0101rim norisin\u0101j\u0101s Pasaules&hellip;\n","protected":false},"author":2,"featured_media":102848,"comment_status":"","ping_status":"","sticky":false,"template":"","format":"standard","meta":{"footnotes":""},"categories":[17],"tags":[24918,24116,18667,35,39,38,36,37,34,40,844,67],"class_list":{"0":"post-102847","1":"post","2":"type-post","3":"status-publish","4":"format-standard","5":"has-post-thumbnail","7":"category-sports","8":"tag-gaidule-buncis","9":"tag-jauktie-pari","10":"tag-kerlings","11":"tag-latvia","12":"tag-latvian","13":"tag-latviesu","14":"tag-latviesu-valoda","15":"tag-latviesuvaloda","16":"tag-latvija","17":"tag-lv","18":"tag-pasaules-cempionats","19":"tag-sports"},"share_on_mastodon":{"url":"https:\/\/pubeurope.com\/@lv\/115887043091634929","error":""},"_links":{"self":[{"href":"https:\/\/www.europesays.com\/lv\/wp-json\/wp\/v2\/posts\/102847","targetHints":{"allow":["GET"]}}],"collection":[{"href":"https:\/\/www.europesays.com\/lv\/wp-json\/wp\/v2\/posts"}],"about":[{"href":"https:\/\/www.europesays.com\/lv\/wp-json\/wp\/v2\/types\/post"}],"author":[{"embeddable":true,"href":"https:\/\/www.europesays.com\/lv\/wp-json\/wp\/v2\/users\/2"}],"replies":[{"embeddable":true,"href":"https:\/\/www.europesays.com\/lv\/wp-json\/wp\/v2\/comments?post=102847"}],"version-history":[{"count":0,"href":"https:\/\/www.europesays.com\/lv\/wp-json\/wp\/v2\/posts\/102847\/revisions"}],"wp:featuredmedia":[{"embeddable":true,"href":"https:\/\/www.europesays.com\/lv\/wp-json\/wp\/v2\/media\/102848"}],"wp:attachment":[{"href":"https:\/\/www.europesays.com\/lv\/wp-json\/wp\/v2\/media?parent=102847"}],"wp:term":[{"taxonomy":"category","embeddable":true,"href":"https:\/\/www.europesays.com\/lv\/wp-json\/wp\/v2\/categories?post=102847"},{"taxonomy":"post_tag","embeddable":true,"href":"https:\/\/www.europesays.com\/lv\/wp-json\/wp\/v2\/tags?post=102847"}],"curies":[{"name":"wp","href":"https:\/\/api.w.org\/{rel}","templated":true}]}}