{"id":102859,"date":"2026-01-13T09:29:07","date_gmt":"2026-01-13T09:29:07","guid":{"rendered":"https:\/\/www.europesays.com\/lv\/102859\/"},"modified":"2026-01-13T09:29:07","modified_gmt":"2026-01-13T09:29:07","slug":"rigas-zellu-basketbolists-vitols-posas-pedejai-spelei-pirms-valsts-aizsardzibas-dienesta-raksts","status":"publish","type":"post","link":"https:\/\/www.europesays.com\/lv\/102859\/","title":{"rendered":"\u00abR\u012bgas ze\u013c\u013cu\u00bb basketbolists V\u012btols po\u0161as p\u0113d\u0113jai sp\u0113lei pirms valsts aizsardz\u012bbas dienesta \/ Raksts"},"content":{"rendered":"<p>Latvijas-Igaunijas l\u012bgas vicel\u012bderu &#8220;R\u012bgas ze\u013c\u013cu&#8221; sasp\u0113les vad\u012bt\u0101js Juris V\u012btols gatavojas tre\u0161dien sp\u0113lei viesos pret BK &#8220;Ventspils&#8221;, bet jau n\u0101kamaj\u0101 dien\u0101 vi\u0146\u0161 s\u0101ks valsts aizsardz\u012bbas dienestu un\u00a0basketbola gaitas iepauz\u0113s. V\u012btols sarun\u0101 Latvijas Telev\u012bzij\u0101 atzina, ka dienests valsts aizsardz\u012bb\u0101 b\u016btu nepiecie\u0161ams ikvienam.<\/p>\n<p>Ar komandas biedriem V\u012btols iepriek\u0161 pasm\u0113jies par iesp\u0113ju tikt iesauktiem valsts aizsardz\u012bbas dienest\u0101, bet v\u0113l\u0101k tie\u0161\u0101m sa\u0146\u0113ma pav\u0113sti. Basketbolists bija iepriek\u0161 apsv\u0113ris iesp\u0113ju kaut kad v\u0113l\u0101k piev\u0113rsties milit\u0101rajam dienestam, bet negaid\u012bti izlozes k\u0101rt\u012bb\u0101 jau janv\u0101r\u012b vi\u0146am b\u016bs j\u0101t\u0113rpjas karav\u012bra form\u0101.<\/p>\n<p>V\u012btolu gaida 11 m\u0113ne\u0161i dienest\u0101, un vi\u0146\u0161 nesl\u0113pa, ka ir\u00a0\u017e\u0113l uz br\u012bdi beigt basketbolista gaitas, bet 20 gadu vecais sportists taj\u0101 pa\u0161\u0101 laik\u0101 cer\u012bgi raug\u0101s uz milit\u0101ro dienestu un iesp\u0113j\u0101m apg\u016bt jaunas zin\u0101\u0161anas.<\/p>\n<p>&#8220;Tagad realit\u0101te ir t\u0101da, ka man jau r\u012bt j\u0101dodas dien\u0113t. Varb\u016bt b\u016btu izg\u0101jis [dienestu] zemessardz\u0113, ja neb\u016btu iesaukts, bet t\u0101 k\u0101 mani iesauca, b\u016bs j\u0101iet dien\u0113t,&#8221; teica V\u012btols. &#8220;Manupr\u0101t, tas ir vajadz\u012bgs Latvijas aizsardz\u012bbai un tas ir j\u0101dara ikvienam.&#8221;<\/p>\n<p>V\u012btols saskata, ka vi\u0146a vienaud\u017eu vid\u016b basketbolisti noteikti negrib aptur\u0113t karjeru dienesta d\u0113\u013c, bet cit\u0101s jom\u0101s iesaist\u012btajiem attieksme nav tik attur\u012bga. K\u0101ds V\u012btola draugs vasar\u0101 nosl\u0113dza valsts aizsardz\u012bbas dienestu un bija gandar\u012bts gan par g\u016bto pieredzi, gan apg\u016bt\u0101m jaun\u0101m iema\u0146\u0101m.<\/p>\n<blockquote>\n<p>Latvija ne tuvu nav vien\u012bg\u0101 valsts, kur milit\u0101raj\u0101 dienest\u0101 iesauc profesion\u0101lus sportistus.<\/p>\n<\/blockquote>\n<p>Piem\u0113ram, Somij\u0101 dienesta laik\u0101 <a href=\"https:\/\/www.lsm.lv\/raksts\/sports\/basketbols\/19.04.2023-somijas-nba-zvaigzne-markanens-obligataja-militaraja-dienesta-kalpot-savai-valstij-ir-gods.a505494\/\" class=\"lsm-link\" data-type=\"article\" data-id=\"505494\" rel=\"nofollow noopener\" target=\"_blank\">milit\u0101ras prasmes apguva <\/a>Nacion\u0101laj\u0101 basketbola asoci\u0101cij\u0101 (NBA) pan\u0101kumus guvu\u0161ais Lauri Markanens. Atpaz\u012bstamu sportistu iesaist\u012b\u0161an\u0101s populariz\u0113 milit\u0101ro dienestu, uzsv\u0113ra V\u012btols.<\/p>\n<p>Tuv\u0101k\u0101s iesp\u0113jas sport\u0101 V\u012btols jau ir apspriedis ar Nacion\u0101lo bru\u0146oto sp\u0113ku (NBS) basketbola komandas treneri Uvi Helmani, kur\u0161 sol\u012bjis pal\u012bdz\u012bbu treni\u0146u apst\u0101k\u013cu noorganiz\u0113\u0161an\u0101. Ar\u012b ar &#8220;R\u012bgas Ze\u013c\u013cu&#8221; treneriem basketbolists n\u0101kotnes pl\u0101nus ir izrun\u0101jis. V\u012btols sagaida, ka pirmajos p\u0101ris m\u0113ne\u0161os pamatapm\u0101c\u012bbas laik\u0101 b\u016bs gr\u016bt\u0101k rast iesp\u0113jas basketbolam, bet dienesta turpin\u0101jum\u0101 situ\u0101cija jau var\u0113tu main\u012bties.\u00a0<\/p>\n<p>V\u012btols ne\u0161aub\u0101s, ka liel\u0101k\u0101 da\u013ca jaunie\u0161u b\u016btu gatavi aizst\u0101v\u0113t Latviju, tom\u0113r vi\u0146\u0161 cer, ka X stunda nepien\u0101ks, un Barik\u0101\u017eu laiks neatk\u0101rtosies. Ceturtdienas r\u012bt\u0101 vi\u0146\u0161 p\u0113c p\u0113d\u0113j\u0101s\u00a0sp\u0113les Ventspil\u012b dosies uz dienesta vietu\u00a0R\u012bg\u0101 NBS \u0160t\u0101ba bataljon\u0101.<\/p>\n<p>KONTEKSTS:<\/p>\n<p>Lai sagatavotu Latvijas pilso\u0146us valsts aizsardz\u012bbas uzdevumu izpildei, izveidots\u00a0<a data-id=\"503748\" data-type=\"article\" href=\"https:\/\/www.lsm.lv\/raksts\/zinas\/latvija\/05.04.2023-obligatais-aizsardzibas-dienests-latvija-bus-pirmais-iesaukums-julija-brivpratigi.a503748\/\" class=\"lsm-link\" rel=\"nofollow noopener\" target=\"_blank\">oblig\u0101tais\u00a0aizsardz\u012bbas dienests<\/a>. Pirmais iesaukums bija br\u012bvpr\u0101t\u012bgs, bet no 2024. gada 1. janv\u0101ra dienests v\u012brie\u0161iem ir noteikts k\u0101 oblig\u0101ts. Iztr\u016bkstot nepiecie\u0161amajam br\u012bvpr\u0101t\u012bgo skaitam,\u00a0p\u0113c nejau\u0161\u012bbas principa izloz\u0113 nosaka p\u0101r\u0113jos iesaucamos.\u00a0<\/p>\n<p>Profesion\u0101la sportista karjera nav pamats personas neiesauk\u0161anai Valsts aizsardz\u012bbas dienest\u0101. Iesauk\u0161anu gan var atlikt valsts izlases dal\u012bbniekam\u00a0k\u0101d\u0101 sporta veid\u0101.\u00a0<\/p>\n<p>2026. gada 14. janv\u0101r\u012b dienestu s\u0101ks\u00a0personas, kas br\u012bvpr\u0101t\u012bgi pieteic\u0101s\u00a0l\u012bdz\u00a02025. gada 12.\u00a0septembrim vai sa\u0146\u0113ma iesaukuma pav\u0113sti p\u0113c pieteik\u0161an\u0101s\u00a0termi\u0146a beig\u0101m.<\/p>\n<p>                    Valodas k\u013c\u016bda rakst\u0101?<\/p>\n<p class=\"d-none d-md-block\">Iez\u012bm\u0113jiet tekstu un spiediet Ctrl+Enter, lai nos\u016bt\u012btu labojamo teksta fragmentu redaktoram! Par faktu k\u013c\u016bd\u0101m l\u016bdzam zi\u0146ot e-past\u0101 <a href=\"https:\/\/www.lsm.lv\/cdn-cgi\/l\/email-protection\" class=\"__cf_email__\" data-cfemail=\"d5a7b0b1b4beb6bcbfb495b9a6b8fbb9a3\" rel=\"nofollow noopener\" target=\"_blank\">[email\u00a0protected]<\/a>.<\/p>\n<p class=\"d-md-none\">Iez\u012bm\u0113jiet tekstu un spiediet uz Zi\u0146ot par k\u013c\u016bdu pogas, lai nos\u016bt\u012btu labojamo teksta fragmentu redaktoram!<\/p>\n<p>\n                    Zi\u0146ot par k\u013c\u016bdu\n                <\/p>\n","protected":false},"excerpt":{"rendered":"Latvijas-Igaunijas l\u012bgas vicel\u012bderu &#8220;R\u012bgas ze\u013c\u013cu&#8221; sasp\u0113les vad\u012bt\u0101js Juris V\u012btols gatavojas tre\u0161dien sp\u0113lei viesos pret BK &#8220;Ventspils&#8221;, bet jau&hellip;\n","protected":false},"author":2,"featured_media":102854,"comment_status":"","ping_status":"","sticky":false,"template":"","format":"standard","meta":{"footnotes":""},"categories":[17],"tags":[35,39,38,36,37,34,40,67],"class_list":{"0":"post-102859","1":"post","2":"type-post","3":"status-publish","4":"format-standard","5":"has-post-thumbnail","7":"category-sports","8":"tag-latvia","9":"tag-latvian","10":"tag-latviesu","11":"tag-latviesu-valoda","12":"tag-latviesuvaloda","13":"tag-latvija","14":"tag-lv","15":"tag-sports"},"share_on_mastodon":{"url":"https:\/\/pubeurope.com\/@lv\/115887090075966668","error":""},"_links":{"self":[{"href":"https:\/\/www.europesays.com\/lv\/wp-json\/wp\/v2\/posts\/102859","targetHints":{"allow":["GET"]}}],"collection":[{"href":"https:\/\/www.europesays.com\/lv\/wp-json\/wp\/v2\/posts"}],"about":[{"href":"https:\/\/www.europesays.com\/lv\/wp-json\/wp\/v2\/types\/post"}],"author":[{"embeddable":true,"href":"https:\/\/www.europesays.com\/lv\/wp-json\/wp\/v2\/users\/2"}],"replies":[{"embeddable":true,"href":"https:\/\/www.europesays.com\/lv\/wp-json\/wp\/v2\/comments?post=102859"}],"version-history":[{"count":0,"href":"https:\/\/www.europesays.com\/lv\/wp-json\/wp\/v2\/posts\/102859\/revisions"}],"wp:featuredmedia":[{"embeddable":true,"href":"https:\/\/www.europesays.com\/lv\/wp-json\/wp\/v2\/media\/102854"}],"wp:attachment":[{"href":"https:\/\/www.europesays.com\/lv\/wp-json\/wp\/v2\/media?parent=102859"}],"wp:term":[{"taxonomy":"category","embeddable":true,"href":"https:\/\/www.europesays.com\/lv\/wp-json\/wp\/v2\/categories?post=102859"},{"taxonomy":"post_tag","embeddable":true,"href":"https:\/\/www.europesays.com\/lv\/wp-json\/wp\/v2\/tags?post=102859"}],"curies":[{"name":"wp","href":"https:\/\/api.w.org\/{rel}","templated":true}]}}