{"id":102865,"date":"2026-01-13T09:38:06","date_gmt":"2026-01-13T09:38:06","guid":{"rendered":"https:\/\/www.europesays.com\/lv\/102865\/"},"modified":"2026-01-13T09:38:06","modified_gmt":"2026-01-13T09:38:06","slug":"no-24-janvara-izmainas-30-un-54-autobusa-marsruta-un-kustibas-saraksta-jaunumi-rigas-satiksme","status":"publish","type":"post","link":"https:\/\/www.europesays.com\/lv\/102865\/","title":{"rendered":"No 24. janv\u0101ra izmai\u0146as 30. un 54. autobusa mar\u0161rut\u0101 un kust\u012bbas sarakst\u0101 : Jaunumi : R\u012bgas satiksme"},"content":{"rendered":"<p>\n  No 24. janv\u0101ra br\u012bvdien\u0101s un 26. janv\u0101ra darba dien\u0101s b\u016bs nelielas izmai\u0146as mar\u0161rut\u0101 30. autobusam, k\u0101 ar\u012b kust\u012bbas sarakstos 30. un 54. mar\u0161ruta autobusiem. Izmai\u0146as ieviestas, lai mazin\u0101tu sastr\u0113gumu ietekmi un padar\u012btu pasa\u017eieriem \u0113rt\u0101ku ikdienas p\u0101rvieto\u0161anos, ja no apkaim\u0113m j\u0101nok\u013c\u016bst pils\u0113tas centr\u0101.\n<\/p>\n<p>\n  30. mar\u0161rut\u0101 autobusi no 24. janv\u0101ra virzien\u0101 uz centru turpm\u0101k neveiks kreiso pagriezienu no Dzirciema ielas uz J\u016brmalas gatvi. Izmai\u0146as \u013caus autobusiem ilg\u0101k\u0101 ce\u013ca posm\u0101 izmantot sabiedrisk\u0101 transporta joslu Dzirciema iel\u0101, t\u0101d\u0113j\u0101di autobusi maz\u0101k kav\u0113sies sastr\u0113gumos un uzlabosies to kust\u012bbas regularit\u0101te.<img decoding=\"async\" class=\"fromTree id-38773 contentImageRight\" src=\"https:\/\/www.europesays.com\/lv\/wp-content\/uploads\/2026\/01\/botaniskais_darzs_87e7b.png\" border=\"0\" alt=\"Botaniskais darzs.png\" title=\"Botaniskais darzs.png\" width=\"400\" \/>\n<\/p>\n<p>\n  Mar\u0161ruts no Dzirciema ielas tiks novirz\u012bts pa labi uz J\u016brmalas gatvi, kur autobusi apgriez\u012bsies brauk\u0161anai pret\u0113j\u0101 virzien\u0101, k\u0101 to \u0161obr\u012bd dara 54. mar\u0161ruta autobusi. Apst\u0101\u0161an\u0101s notiks apvienotaj\u0101 autobusu un tramvaju pietur\u0101 \u201cBot\u0101niskais d\u0101rzs\/R\u012bgas Stradi\u0146a universit\u0101te\u201d. T\u0101l\u0101k autobuss turpin\u0101s kust\u012bbu taisni pa J\u016brmalas gatvi pa ierasto mar\u0161rutu. L\u012bdz ar \u0161\u012bm izmai\u0146\u0101m autobusi vairs neapst\u0101sies pietur\u0101 &#8220;Bot\u0101niskais d\u0101rzs&#8221; J\u016brmalas gatv\u0113.\n<\/p>\n<p>\n  54. mar\u0161ruta autobusiem ir nelielas izmai\u0146as atie\u0161anas laikos gan darba dienu, gan br\u012bvdienu sarakst\u0101, lai nodro\u0161in\u0101tu vienm\u0113r\u012bg\u0101ku kust\u012bbu un lab\u0101ku savstarp\u0113jo koordin\u0101ciju ar 30. autobusu, k\u0101 ar\u012b 1. tramvaju un 3. autobusu.\n<\/p>\n<p>\n  Atjaunotie kust\u012bbas saraksti b\u016bs pieejami R\u012bgas satiksmes m\u0101jaslap\u0101 un pieturviet\u0101s, k\u0101 ar\u012b lietotn\u0113. Aicin\u0101m pasa\u017eierus savlaic\u012bgi iepaz\u012bties ar izmai\u0146\u0101m un pl\u0101not savus braucienus atbilsto\u0161i jaunajiem sarakstiem.\n<\/p>\n<p>\n  Pla\u0161\u0101ku inform\u0101ciju par &#8220;R\u012bgas satiksmes&#8221; pied\u0101v\u0101tajiem pakalpojumiem, mar\u0161rutu sarakstiem, bi\u013ce\u0161u veidiem un citiem jaunumiem var sa\u0146emt m\u0101jaslap\u0101 www.rigassatiksme.lv vai soci\u0101lajos t\u012bklos &#8220;X&#8221;, &#8220;facebook&#8221; un &#8220;Threads&#8221;.<\/p>\n","protected":false},"excerpt":{"rendered":"No 24. janv\u0101ra br\u012bvdien\u0101s un 26. janv\u0101ra darba dien\u0101s b\u016bs nelielas izmai\u0146as mar\u0161rut\u0101 30. autobusam, k\u0101 ar\u012b kust\u012bbas&hellip;\n","protected":false},"author":2,"featured_media":102866,"comment_status":"","ping_status":"","sticky":false,"template":"","format":"standard","meta":{"footnotes":""},"categories":[12],"tags":[23,28,29,32,33,22,30,31,35,39,38,36,37,34,40,20,26,27,24,25,21],"class_list":{"0":"post-102865","1":"post","2":"type-post","3":"status-publish","4":"format-standard","5":"has-post-thumbnail","7":"category-latvija","8":"tag-aktualitates","9":"tag-breaking-news","10":"tag-breakingnews","11":"tag-featured-news","12":"tag-featurednews","13":"tag-headlines","14":"tag-latest-news","15":"tag-latestnews","16":"tag-latvia","17":"tag-latvian","18":"tag-latviesu","19":"tag-latviesu-valoda","20":"tag-latviesuvaloda","21":"tag-latvija","22":"tag-lv","23":"tag-news","24":"tag-popularakas-zinas","25":"tag-popularakaszinas","26":"tag-top-stories","27":"tag-topstories","28":"tag-zinas"},"share_on_mastodon":{"url":"https:\/\/pubeurope.com\/@lv\/115887125485429014","error":""},"_links":{"self":[{"href":"https:\/\/www.europesays.com\/lv\/wp-json\/wp\/v2\/posts\/102865","targetHints":{"allow":["GET"]}}],"collection":[{"href":"https:\/\/www.europesays.com\/lv\/wp-json\/wp\/v2\/posts"}],"about":[{"href":"https:\/\/www.europesays.com\/lv\/wp-json\/wp\/v2\/types\/post"}],"author":[{"embeddable":true,"href":"https:\/\/www.europesays.com\/lv\/wp-json\/wp\/v2\/users\/2"}],"replies":[{"embeddable":true,"href":"https:\/\/www.europesays.com\/lv\/wp-json\/wp\/v2\/comments?post=102865"}],"version-history":[{"count":0,"href":"https:\/\/www.europesays.com\/lv\/wp-json\/wp\/v2\/posts\/102865\/revisions"}],"wp:featuredmedia":[{"embeddable":true,"href":"https:\/\/www.europesays.com\/lv\/wp-json\/wp\/v2\/media\/102866"}],"wp:attachment":[{"href":"https:\/\/www.europesays.com\/lv\/wp-json\/wp\/v2\/media?parent=102865"}],"wp:term":[{"taxonomy":"category","embeddable":true,"href":"https:\/\/www.europesays.com\/lv\/wp-json\/wp\/v2\/categories?post=102865"},{"taxonomy":"post_tag","embeddable":true,"href":"https:\/\/www.europesays.com\/lv\/wp-json\/wp\/v2\/tags?post=102865"}],"curies":[{"name":"wp","href":"https:\/\/api.w.org\/{rel}","templated":true}]}}