{"id":102867,"date":"2026-01-13T09:40:06","date_gmt":"2026-01-13T09:40:06","guid":{"rendered":"https:\/\/www.europesays.com\/lv\/102867\/"},"modified":"2026-01-13T09:40:06","modified_gmt":"2026-01-13T09:40:06","slug":"rakstniece-nora-ikstena-pedejie-dzives-menesi","status":"publish","type":"post","link":"https:\/\/www.europesays.com\/lv\/102867\/","title":{"rendered":"Rakstniece Nora Ikstena: p\u0113d\u0113jie dz\u012bves m\u0113ne\u0161i"},"content":{"rendered":"<p class=\"descr\">&#8220;P\u0113d\u0113jie \u010detri m\u0113ne\u0161i bija vissmag\u0101kie,&#8221; Evijas Kalnb\u0113rzas materi\u0101l\u0101 &#8220;P\u0113d\u0113jie \u010detri m\u0113ne\u0161i bija vissmag\u0101kie&#8221; izdevum\u0101 Priv\u0101t\u0101 Dz\u012bve atkl\u0101j rakstnieces Noras Ikstenas m\u0101sa Indra Vilipsone. Nora Ikstena m\u016b\u017e\u012bb\u0101 dev\u0101s 4. janv\u0101r\u012b 56 gadu vecum\u0101.<\/p>\n<p>Pirms trim gadiem rakstniece <a href=\"https:\/\/nra.lv\/birka\/nora-ikstena\/\" target=\"_blank\" rel=\"noopener nofollow\">Nora Ikstena<\/a> jau bija b\u012bstami tuvu trauslajai dz\u012bv\u012bbas un n\u0101ves robe\u017eai, ta\u010du, pateicoties tuv\u0101ko cilv\u0113ku un medi\u0137u r\u016bp\u0113m, toreiz vi\u0146ai izdev\u0101s atgriezties dz\u012bv\u0113. Vi\u0146a atkal izg\u0101ja sabiedr\u012bb\u0101, no sirds pateic\u0101s saviem atbalst\u012bt\u0101jiem, un izn\u0101ca v\u0113l divi vi\u0146as darbi \u016adens mirdz\u0113\u0161ana un J\u014dna.<\/p>\n<p>Ta\u010du p\u0113rn Nora pavisam pazuda no sabiedrisk\u0101s dz\u012bves\u2026 To, kas paties\u012bb\u0101 notika, zin\u0101ja tikai vi\u0146as tuv\u0101kie cilv\u0113ki. Rakstnieces m\u0101sa Indra Vilipsone st\u0101sta: &#8220;Es ticu, ka Norai tagad ir viegl\u0101k\u2026 P\u0113d\u0113jie \u010detri m\u0113ne\u0161i vi\u0146ai bija vissmag\u0101kie.<\/p>\n<blockquote><p>Nora bija vair\u0101k\u0101s slimn\u012bc\u0101s, ar\u012b intens\u012bv\u0101s terapijas noda\u013c\u0101. Kop\u0101 ar v\u0113l da\u017eiem tuviem draugiem braucu pie vi\u0146as katru dienu. Bija iesaist\u012bti lab\u0101kie \u0101rsti. Cer\u0113ju, ka notiks br\u012bnums, ta\u010du m\u0113s nesp\u0113j\u0101m vi\u0146ai pal\u012bdz\u0113t. Tra\u0123iski\u2026<\/p><\/blockquote>\n<p>P\u0113d\u0113j\u0101s tr\u012bs ned\u0113\u013cas Nora pavad\u012bja apr\u016bpes nam\u0101 Vecbebri, jo vi\u0146ai bija nepiecie\u0161ama profesion\u0101la apr\u016bpe. Tik lielu person\u0101la m\u012blest\u012bbu, k\u0101da bija pret Noru, es nebiju redz\u0113jusi. Paldies Sandri\u0146ai un Giti\u0146ai, kas l\u012bdz p\u0113d\u0113jai dienai Norai dzied\u0101ja dziesmas, st\u0101st\u012bja jokus un tik \u013coti r\u016bp\u0113j\u0101s par vi\u0146u.&#8221;<\/p>\n","protected":false},"excerpt":{"rendered":"&#8220;P\u0113d\u0113jie \u010detri m\u0113ne\u0161i bija vissmag\u0101kie,&#8221; Evijas Kalnb\u0113rzas materi\u0101l\u0101 &#8220;P\u0113d\u0113jie \u010detri m\u0113ne\u0161i bija vissmag\u0101kie&#8221; izdevum\u0101 Priv\u0101t\u0101 Dz\u012bve atkl\u0101j rakstnieces&hellip;\n","protected":false},"author":2,"featured_media":102868,"comment_status":"","ping_status":"","sticky":false,"template":"","format":"standard","meta":{"footnotes":""},"categories":[19],"tags":[89,90,35,39,38,36,37,34,40],"class_list":{"0":"post-102867","1":"post","2":"type-post","3":"status-publish","4":"format-standard","5":"has-post-thumbnail","7":"category-izklaide","8":"tag-entertainment","9":"tag-izklaide","10":"tag-latvia","11":"tag-latvian","12":"tag-latviesu","13":"tag-latviesu-valoda","14":"tag-latviesuvaloda","15":"tag-latvija","16":"tag-lv"},"share_on_mastodon":{"url":"https:\/\/pubeurope.com\/@lv\/115887133424156030","error":""},"_links":{"self":[{"href":"https:\/\/www.europesays.com\/lv\/wp-json\/wp\/v2\/posts\/102867","targetHints":{"allow":["GET"]}}],"collection":[{"href":"https:\/\/www.europesays.com\/lv\/wp-json\/wp\/v2\/posts"}],"about":[{"href":"https:\/\/www.europesays.com\/lv\/wp-json\/wp\/v2\/types\/post"}],"author":[{"embeddable":true,"href":"https:\/\/www.europesays.com\/lv\/wp-json\/wp\/v2\/users\/2"}],"replies":[{"embeddable":true,"href":"https:\/\/www.europesays.com\/lv\/wp-json\/wp\/v2\/comments?post=102867"}],"version-history":[{"count":0,"href":"https:\/\/www.europesays.com\/lv\/wp-json\/wp\/v2\/posts\/102867\/revisions"}],"wp:featuredmedia":[{"embeddable":true,"href":"https:\/\/www.europesays.com\/lv\/wp-json\/wp\/v2\/media\/102868"}],"wp:attachment":[{"href":"https:\/\/www.europesays.com\/lv\/wp-json\/wp\/v2\/media?parent=102867"}],"wp:term":[{"taxonomy":"category","embeddable":true,"href":"https:\/\/www.europesays.com\/lv\/wp-json\/wp\/v2\/categories?post=102867"},{"taxonomy":"post_tag","embeddable":true,"href":"https:\/\/www.europesays.com\/lv\/wp-json\/wp\/v2\/tags?post=102867"}],"curies":[{"name":"wp","href":"https:\/\/api.w.org\/{rel}","templated":true}]}}