{"id":102871,"date":"2026-01-13T09:44:09","date_gmt":"2026-01-13T09:44:09","guid":{"rendered":"https:\/\/www.europesays.com\/lv\/102871\/"},"modified":"2026-01-13T09:44:09","modified_gmt":"2026-01-13T09:44:09","slug":"seminars-par-leader-projektu-finansejuma-piesaistes-iespejam-uznemejdarbibai","status":"publish","type":"post","link":"https:\/\/www.europesays.com\/lv\/102871\/","title":{"rendered":"Semin\u0101rs par LEADER projektu finans\u0113juma piesaistes iesp\u0113j\u0101m uz\u0146\u0113m\u0113jdarb\u012bbai"},"content":{"rendered":"<p>Viet\u0113j\u0101s r\u012bc\u012bbas grupa (VRG) \u2013 biedr\u012bba \u201cVidusdaugavas NVO centrs\u201d, kas \u012bsteno Sabiedr\u012bbas virz\u012btas viet\u0113j\u0101s att\u012bst\u012bbas strat\u0113\u0123iju J\u0113kabpils novad\u0101 \u2013 organiz\u0113 informat\u012bvu semin\u0101ru par LEADER projektu finans\u0113juma piesaistes iesp\u0113j\u0101m uz\u0146\u0113m\u0113jdarb\u012bbas uzs\u0101k\u0161anai vai att\u012bst\u012b\u0161anai J\u0113kabpils novada lauku teritorij\u0101, Vies\u012bt\u0113 vai Akn\u012bst\u0113.<\/p>\n<p>Semin\u0101ra norises laiks un vieta: 21.01.2026. plkst.13.00 \u2013 15.00.<\/p>\n<p>Semin\u0101ra norises vieta: Kopienu centrs, R\u012bgas iel\u0101 195, J\u0113kabpil\u012b.<\/p>\n<p>Semin\u0101ra programma:<\/p>\n<ul>\n<li>Atbalsta sa\u0146em\u0161anas nosac\u012bjumi un v\u0113rt\u0113\u0161anas krit\u0113riji (VRG p\u0101rst\u0101vis);<\/li>\n<li>K\u0101 sagatavot projekta pieteikumu un nepiecie\u0161amos dokumentus (VRG p\u0101rst\u0101vis);<\/li>\n<li>Pras\u012bbas projektu uzraudz\u012bbas period\u0101; bie\u017e\u0101k pie\u013caut\u0101s k\u013c\u016bdas un k\u0101 no t\u0101m izvair\u012bties projektu sagatavo\u0161an\u0101 un \u012bsteno\u0161an\u0101 (LAD Viduslatvijas re\u0123ion\u0101l\u0101 lauksaimniec\u012bbas p\u0101rvaldes LEADER da\u013cas p\u0101rst\u0101vis);<\/li>\n<li>Jaut\u0101jumi un atbildes.<\/li>\n<\/ul>\n<p>Aicin\u0101ts ikviens interesents \u2013 iedz\u012bvot\u0101js vai uz\u0146\u0113m\u0113js, kas v\u0113las uzs\u0101kt un att\u012bst\u012bt uz\u0146\u0113m\u0113jdarb\u012bbu J\u0113kabpils novada lauku teritorij\u0101, Vies\u012btes vai Akn\u012bstes pils\u0113t\u0101s! \u012apa\u0161i gaid\u012bti lauku teritoriju uz\u0146\u0113m\u0113ji ar gada apgroz\u012bjumu l\u012bdz 15 000 EUR, jo p\u0113c groz\u012bjumiem MK noteikumos, kas nosaka LEADER projektu ievie\u0161anu, ir papla\u0161in\u0101ju\u0161\u0101s finans\u0113juma piesaistes iesp\u0113jas tie\u0161i mazajiem lauku uz\u0146\u0113m\u0113jiem, k\u0101 ar\u012b draudz\u012bg\u0101ki k\u013cuvu\u0161i uzraudz\u012bbas nosac\u012bjumi projektiem ar kop\u0113jo summu tikai l\u012bdz 15 000 EUR. <\/p>\n<p><a name=\"_heading=h.qvl0dagj1h6l\" id=\"_heading=h.qvl0dagj1h6l\"\/>Pieteik\u0161an\u0101s semin\u0101ram, aizpildot elektronisko re\u0123istr\u0101cijas veidlapu l\u012bdz 20. janv\u0101rim <a href=\"https:\/\/docs.google.com\/forms\/d\/e\/1FAIpQLSepuOTnPBWopfj90_N1sRFBekVrjCU2zUJNdQsT1vPMLNM01g\/viewform?usp=header\" rel=\"nofollow noopener\" target=\"_blank\">\u0160EIT<\/a> vai zvanot &#8211; 261 83 839 vai rakstot uz <a href=\"https:\/\/www.jekabpils.lv\/lv\/jaunums\/mailto:vita.salmina@vidusdaugavasnvo.lv\" rel=\"nofollow noopener\" target=\"_blank\">vita.salmina@vidusdaugavasnvo.lv<\/a>. Tom\u0113r &#8211; ja nav iesp\u0113jams apmekl\u0113t semin\u0101ru, bet ir neskaidri jaut\u0101jumi par projekta iesnieg\u0161anu un nepiecie\u0161ama konsult\u0101cija, kontakti sazi\u0146ai &#8211; t\u0101lrunis 261 83 839 vai e-pasts <a href=\"https:\/\/www.jekabpils.lv\/lv\/jaunums\/mailto:partneriba@vidusdaugavasnvo.lv\" rel=\"nofollow noopener\" target=\"_blank\">partneriba@vidusdaugavasnvo.lv<\/a>, <a href=\"https:\/\/www.jekabpils.lv\/lv\/jaunums\/mailto:vita.salmina@vidusdaugavasnvo.lv\" rel=\"nofollow noopener\" target=\"_blank\">vita.salmina@vidusdaugavasnvo.lv<\/a> .<\/p>\n<p>V\u0113r\u0161am uzman\u012bbu, ka projektu pieteikumus 8. k\u0101rt\u0101 (\u201cLauku bi\u013cete\u201d) var\u0113s iesniegt no 2026. gada 15. janv\u0101ra l\u012bdz 2026. gada 15. febru\u0101rim, 9. k\u0101rt\u0101 (\u201cStiprie un uz\u0146\u0113m\u012bgie\u201d t. sk. \u201cBud\u017eeta projekti\u201d) no 2026. gada 15. janv\u0101ra l\u012bdz 2026. gada 15. martam elektroniski (EPS) Lauku atbalsta dienesta Elektronisk\u0101s pieteik\u0161an\u0101s sist\u0113m\u0101. <\/p>\n<p>Pirms semin\u0101ra iesak\u0101m iepaz\u012bties ar 8. un 9. projektu iesnieg\u0161anas k\u0101rtas sludin\u0101jumiem, skaidrojo\u0161ajiem dokumentiem biedr\u012bbas m\u0101jaslap\u0101: <a href=\"https:\/\/www.vidusdaugavasnvo.lv\/lv\/leader\/projektu-kartas\/\" rel=\"nofollow noopener\" target=\"_blank\">https:\/\/www.vidusdaugavasnvo.lv\/lv\/leader\/projektu-kartas\/<\/a>.<\/p>\n<p>\u00a0<\/p>\n<p>Sagatavoja:<\/p>\n<p>Vita Salmi\u0146a,<br \/>biedr\u012bbas \u201cVidusdaugavas NVO centrs\u201d strukt\u016brvien\u012bbas<br \/>\u201cLauku att\u012bst\u012bbas partner\u012bba \u201cVidusdaugava\u201d\u201d<br \/>projektu koordinatore<\/p>\n","protected":false},"excerpt":{"rendered":"Viet\u0113j\u0101s r\u012bc\u012bbas grupa (VRG) \u2013 biedr\u012bba \u201cVidusdaugavas NVO centrs\u201d, kas \u012bsteno Sabiedr\u012bbas virz\u012btas viet\u0113j\u0101s att\u012bst\u012bbas strat\u0113\u0123iju J\u0113kabpils novad\u0101&hellip;\n","protected":false},"author":2,"featured_media":102872,"comment_status":"","ping_status":"","sticky":false,"template":"","format":"standard","meta":{"footnotes":""},"categories":[12],"tags":[23,28,29,32,33,22,30,31,35,39,38,36,37,34,40,20,26,27,24,25,21],"class_list":{"0":"post-102871","1":"post","2":"type-post","3":"status-publish","4":"format-standard","5":"has-post-thumbnail","7":"category-latvija","8":"tag-aktualitates","9":"tag-breaking-news","10":"tag-breakingnews","11":"tag-featured-news","12":"tag-featurednews","13":"tag-headlines","14":"tag-latest-news","15":"tag-latestnews","16":"tag-latvia","17":"tag-latvian","18":"tag-latviesu","19":"tag-latviesu-valoda","20":"tag-latviesuvaloda","21":"tag-latvija","22":"tag-lv","23":"tag-news","24":"tag-popularakas-zinas","25":"tag-popularakaszinas","26":"tag-top-stories","27":"tag-topstories","28":"tag-zinas"},"share_on_mastodon":{"url":"https:\/\/pubeurope.com\/@lv\/115887149175027194","error":""},"_links":{"self":[{"href":"https:\/\/www.europesays.com\/lv\/wp-json\/wp\/v2\/posts\/102871","targetHints":{"allow":["GET"]}}],"collection":[{"href":"https:\/\/www.europesays.com\/lv\/wp-json\/wp\/v2\/posts"}],"about":[{"href":"https:\/\/www.europesays.com\/lv\/wp-json\/wp\/v2\/types\/post"}],"author":[{"embeddable":true,"href":"https:\/\/www.europesays.com\/lv\/wp-json\/wp\/v2\/users\/2"}],"replies":[{"embeddable":true,"href":"https:\/\/www.europesays.com\/lv\/wp-json\/wp\/v2\/comments?post=102871"}],"version-history":[{"count":0,"href":"https:\/\/www.europesays.com\/lv\/wp-json\/wp\/v2\/posts\/102871\/revisions"}],"wp:featuredmedia":[{"embeddable":true,"href":"https:\/\/www.europesays.com\/lv\/wp-json\/wp\/v2\/media\/102872"}],"wp:attachment":[{"href":"https:\/\/www.europesays.com\/lv\/wp-json\/wp\/v2\/media?parent=102871"}],"wp:term":[{"taxonomy":"category","embeddable":true,"href":"https:\/\/www.europesays.com\/lv\/wp-json\/wp\/v2\/categories?post=102871"},{"taxonomy":"post_tag","embeddable":true,"href":"https:\/\/www.europesays.com\/lv\/wp-json\/wp\/v2\/tags?post=102871"}],"curies":[{"name":"wp","href":"https:\/\/api.w.org\/{rel}","templated":true}]}}