{"id":102873,"date":"2026-01-13T09:45:08","date_gmt":"2026-01-13T09:45:08","guid":{"rendered":"https:\/\/www.europesays.com\/lv\/102873\/"},"modified":"2026-01-13T09:45:08","modified_gmt":"2026-01-13T09:45:08","slug":"video-a-gutmanis-un-d-osenieks-informe-par-aktualitatem-ielu-uzturesana-ziema-13-01-2026-ventspils","status":"publish","type":"post","link":"https:\/\/www.europesays.com\/lv\/102873\/","title":{"rendered":"VIDEO: A. G\u016btmanis un D. O\u0161enieks inform\u0113 par aktualit\u0101t\u0113m ielu uztur\u0113\u0161an\u0101 ziem\u0101 &#8211; 13.01.2026. &#8211; Ventspils"},"content":{"rendered":"<ol>\n<li><a href=\"https:\/\/news.google.com\/rss\/articles\/CBMiygFBVV95cUxNMWdjdE5sZE1hX09POFN5NzNiQXJVNm11QlphdjFDdWx2UHNiYTJCX1hnd1ZiWjZUR3VSeUw5enBPWTNoSTI1NVVkMzdvbUtIYm84TUI5a2VFbWtCekFnQkxRZW1nTmVDOHQ3cEhYU01NYXFwdVNfOUV4UzBrNmtYdkhYMjFPbS1CVmhOMmRIWEg1akZRaWZFSUx1bFVOY1dBejl3M2VUWTBmUUVEN1F1QUhvNTQwNnZDdjAzc245V0RHSG14MUFhaDVR?oc=5\" target=\"_blank\" rel=\"nofollow noopener\">VIDEO: A. G\u016btmanis un D. O\u0161enieks inform\u0113 par aktualit\u0101t\u0113m ielu uztur\u0113\u0161an\u0101 ziem\u0101 &#8211; 13.01.2026.<\/a>&nbsp;&nbsp;Ventspils<\/li>\n<li><a href=\"https:\/\/news.google.com\/rss\/articles\/CBMiqAFBVV95cUxQTFlpLUdxSER6MzJ6MEY4M1RyM2VBLWN4QWxhRGlfa1pYM3lmeHZjeUktZC1QNTJERy0xc3dWZDVVN0FwaC1UYU12dnV1azF5SjlwbWk5djRoeVZScm5lb0hhQlFOWjZ6dHRNbWZ5TjFXYVJpdWk0MmlZZTdnY3ljemVjVWUxOUdIcVVSX0tmaWxvcDliZjNIZ1hqbHB1WW51YTdIZnl2YnI?oc=5\" target=\"_blank\" rel=\"nofollow noopener\">VIDEO: A. G\u016btmanis par Ventspils pils\u0113tas aktualit\u0101t\u0113m \u2013 13.01.2026.<\/a>&nbsp;&nbsp;Ventspils<\/li>\n<li><a href=\"https:\/\/news.google.com\/rss\/articles\/CBMizAFBVV95cUxNb2hLMHFmQVhFOE43U3RvblZiT3V6Ym5TRF9xaHBtQnp2Y19WTF9GeVJCcGxJYTNKUVBtODdSbzhYbVFaSUhXWTRLbmx5dWhmeW5aMXNQTG9wWVBZS0pRTE9wUUZxVkc0RVFIckpNSVYxRjM0M3VBaXJPV01FRUd0R3ZFazVNVmFkaDBxY1MyQzVHb3VJNy1Td3VKdlFQbmM4R3RYbkFPNDBNS2plUXVZZjktNnlpMnRfMW1zbVlBWTZPbmNwV0M0eFdlTFU?oc=5\" target=\"_blank\" rel=\"nofollow noopener\">VIDEO: A. G\u016btmanis par Barik\u0101\u017eu aizst\u0101vju dienai velt\u012btajiem pas\u0101kumiem Ventspil\u012b \u2013 13.01.2026.<\/a>&nbsp;&nbsp;Ventspils<\/li>\n<li><a href=\"https:\/\/news.google.com\/rss\/articles\/CBMivgFBVV95cUxQV0ZhWV9YR1RrSW96dDZicjRwNUJKUXRaVDE4WnRPRlNTVFpvQ3VmZWdyaWRFWVZ5Mzl6eUZTTTIyaW9NUklFU3VzU0l6eGtHei1yZWlUaTFUdGFXUjFhTUNrXzlpeWhWaVllRnBLeEVDM0FjYlJzeWFMeWVxZE12STFVVFAyVEVYOWRGMXh1czlqOEZlSkpjUkNOY1hQOWdJUjBqUWZUaVJOZDEyLTFEMFYtazNubkRZcXluRG53?oc=5\" target=\"_blank\" rel=\"nofollow noopener\">Tie\u0161raid\u0113 b\u016bs skat\u0101ma Ventspils valstspils\u0113tas pa\u0161vald\u012bbas preses konference<\/a>&nbsp;&nbsp;Ventspils<\/li>\n<\/ol>\n","protected":false},"excerpt":{"rendered":"VIDEO: A. G\u016btmanis un D. O\u0161enieks inform\u0113 par aktualit\u0101t\u0113m ielu uztur\u0113\u0161an\u0101 ziem\u0101 &#8211; 13.01.2026.&nbsp;&nbsp;Ventspils VIDEO: A. G\u016btmanis par&hellip;\n","protected":false},"author":2,"featured_media":102874,"comment_status":"","ping_status":"","sticky":false,"template":"","format":"standard","meta":{"footnotes":""},"categories":[5],"tags":[23,28,29,32,33,22,30,31,35,39,38,36,37,34,40,20,26,27,24,25,21],"class_list":{"0":"post-102873","1":"post","2":"type-post","3":"status-publish","4":"format-standard","5":"has-post-thumbnail","7":"category-aktualitates","8":"tag-aktualitates","9":"tag-breaking-news","10":"tag-breakingnews","11":"tag-featured-news","12":"tag-featurednews","13":"tag-headlines","14":"tag-latest-news","15":"tag-latestnews","16":"tag-latvia","17":"tag-latvian","18":"tag-latviesu","19":"tag-latviesu-valoda","20":"tag-latviesuvaloda","21":"tag-latvija","22":"tag-lv","23":"tag-news","24":"tag-popularakas-zinas","25":"tag-popularakaszinas","26":"tag-top-stories","27":"tag-topstories","28":"tag-zinas"},"share_on_mastodon":{"url":"https:\/\/pubeurope.com\/@lv\/115887153073734226","error":""},"_links":{"self":[{"href":"https:\/\/www.europesays.com\/lv\/wp-json\/wp\/v2\/posts\/102873","targetHints":{"allow":["GET"]}}],"collection":[{"href":"https:\/\/www.europesays.com\/lv\/wp-json\/wp\/v2\/posts"}],"about":[{"href":"https:\/\/www.europesays.com\/lv\/wp-json\/wp\/v2\/types\/post"}],"author":[{"embeddable":true,"href":"https:\/\/www.europesays.com\/lv\/wp-json\/wp\/v2\/users\/2"}],"replies":[{"embeddable":true,"href":"https:\/\/www.europesays.com\/lv\/wp-json\/wp\/v2\/comments?post=102873"}],"version-history":[{"count":0,"href":"https:\/\/www.europesays.com\/lv\/wp-json\/wp\/v2\/posts\/102873\/revisions"}],"wp:featuredmedia":[{"embeddable":true,"href":"https:\/\/www.europesays.com\/lv\/wp-json\/wp\/v2\/media\/102874"}],"wp:attachment":[{"href":"https:\/\/www.europesays.com\/lv\/wp-json\/wp\/v2\/media?parent=102873"}],"wp:term":[{"taxonomy":"category","embeddable":true,"href":"https:\/\/www.europesays.com\/lv\/wp-json\/wp\/v2\/categories?post=102873"},{"taxonomy":"post_tag","embeddable":true,"href":"https:\/\/www.europesays.com\/lv\/wp-json\/wp\/v2\/tags?post=102873"}],"curies":[{"name":"wp","href":"https:\/\/api.w.org\/{rel}","templated":true}]}}