{"id":102877,"date":"2026-01-13T09:47:10","date_gmt":"2026-01-13T09:47:10","guid":{"rendered":"https:\/\/www.europesays.com\/lv\/102877\/"},"modified":"2026-01-13T09:47:10","modified_gmt":"2026-01-13T09:47:10","slug":"barcelona-uzvar-el-clasico-un-izcina-spanijas-superkausu-pret-real-madrid-lente-lv","status":"publish","type":"post","link":"https:\/\/www.europesays.com\/lv\/102877\/","title":{"rendered":"Barcelona uzvar El Cl\u00e1sico un izc\u012bna Sp\u0101nijas Superkausu pret Real Madrid\u00a0\u2014\u00a0Lente.lv"},"content":{"rendered":"<p>Barcelona triumf\u0113 Sp\u0101nijas Superkaus\u0101<\/p>\n<p>FC Barcelona sv\u0113tdien, 12. janv\u0101r\u012b, Sa\u016bda Ar\u0101bij\u0101 notiku\u0161aj\u0101 Sp\u0101nijas Superkausa fin\u0101lsp\u0113l\u0113 ar rezult\u0101tu 3:2 (2:2) p\u0101rsp\u0113ja Madrides \u201cReal\u201d, izc\u012bnot savu 16. Superkausa trofeju. K\u0101 zi\u0146o av\u012bze Diena, \u0161\u012b uzvara tiek uzskat\u012bta par noz\u012bm\u012bgu soli komandas sezonas m\u0113r\u0137u sasnieg\u0161an\u0101.<\/p>\n<p>Sp\u0113le, kas norisin\u0101j\u0101s D\u017eidas King Abdullah Sports City stadion\u0101, pied\u0101v\u0101ja aizraujo\u0161u un rezultat\u012bvu \u201cEl Cl\u00e1sico\u201d due\u013cu, kur\u0101 \u201cBarcelona\u201d komandas sast\u0101v\u0101 ar prec\u012bziem sitieniem izc\u0113l\u0101s Lamins Jamals, Roberts Levandovskis un Rafa\u0146ja, nodro\u0161inot Katalonijas klubam uzvaru.<\/p>\n<p>Sp\u0113les gaita un galvenie momenti<\/p>\n<p>Ma\u010ds s\u0101k\u0101s ar \u201cReal\u201d p\u0101rsvaru, kad jau piektaj\u0101 min\u016bt\u0113 Kiljans Mbap\u0113 atkl\u0101ja rezult\u0101tu. Tom\u0113r \u201cBarcelona\u201d \u0101tri atsp\u0113l\u0113j\u0101s \u2013 vispirms Lamins Jamals pan\u0101ca 1:1, bet p\u0113c tam Roberts Levandovskis realiz\u0113ja 11 metru soda sitienu, izvirzot savu komandu vad\u012bb\u0101. Pirm\u0101 puslaika kompens\u0101cijas laik\u0101 s\u0101k\u0101s \u012bsts v\u0101rtu g\u016b\u0161anas karuselis, kur\u0101 rezult\u0101ts tika main\u012bts tr\u012bs reizes. Pirms do\u0161an\u0101s p\u0101rtraukum\u0101 abu komandu veiksme v\u0101rtu g\u016b\u0161an\u0101 bija l\u012bdz\u012bga, un pirmais puslaiks nosl\u0113dz\u0101s neiz\u0161\u0137irti 2:2.<\/p>\n<p>Otraj\u0101 puslaik\u0101 \u201cBarcelona\u201d demonstr\u0113ja stabil\u0101ku sniegumu un, pateicoties Rafa\u0146jas prec\u012bzajam sitienam 73. min\u016bt\u0113, guva uzvaras v\u0101rtus. Lai gan \u201cReal\u201d cent\u0101s atsp\u0113l\u0113ties, \u201cBarcelona\u201d aizsardz\u012bba un v\u0101rtsarga sniegums \u013c\u0101va nosarg\u0101t ieg\u016bto p\u0101rsvaru l\u012bdz pat sp\u0113les beig\u0101m.<\/p>\n<p>Katalonie\u0161u domin\u0113\u0161ana un rekordi<\/p>\n<p>\u0160\u012b uzvara Sp\u0101nijas Superkaus\u0101 ir k\u0101rt\u0113jais apliecin\u0101jums \u201cBarcelona\u201d sp\u0113kam un v\u0113sturiskajai noz\u012bmei Sp\u0101nijas futbol\u0101. Klubs ir rekordists Superkausa ieguv\u0113ju skaita zi\u0146\u0101, un \u0161is ir vi\u0146u 16. tituls \u0161aj\u0101 turn\u012br\u0101. Savuk\u0101rt \u201cReal Madrid\u201d nesp\u0113ja nosarg\u0101t p\u0113rn izc\u012bn\u012bto trofeju.<\/p>\n<p>Sp\u0113le izc\u0113l\u0101s ar augstu intensit\u0101ti un vair\u0101kiem individu\u0101li spo\u017eiem sniegumiem. Par sp\u0113les v\u0113rt\u012bg\u0101ko sp\u0113l\u0113t\u0101ju tika atz\u012bts Rafa\u0146ja, kur\u0161 guva divus svar\u012bgus v\u0101rtus.<\/p>\n<p>P\u0113csp\u0113les anal\u012bze un iespaidi<\/p>\n<p>Neskatoties uz zaud\u0113jumu, \u201cReal Madrid\u201d demonstr\u0113ja c\u012b\u0146assparu, \u012bpa\u0161i otraj\u0101 puslaik\u0101. Tom\u0113r \u201cBarcelona\u201d kopum\u0101 bija p\u0101r\u0101ka, kontrol\u0113jot sp\u0113les gaitu un efekt\u012bv\u0101k izmantojot radu\u0161\u0101s v\u0101rtu g\u016b\u0161anas iesp\u0113jas. Futbola eksperti atz\u012bm\u0113, ka \u201cBarcelona\u201d trenera Hansi Flika vad\u012bb\u0101 turpina demonstr\u0113t stabilu un uzbr\u016bko\u0161u sniegumu, kas \u013cauj c\u012bn\u012bties par visiem izc\u012bn\u0101majiem tituliem.<\/p>\n<p>P\u0113c \u0161\u012bs sp\u0113les \u201cBarcelona\u201d cer savu pan\u0101kumu izmantot k\u0101 motiv\u0101ciju turpm\u0101kaj\u0101m c\u012b\u0146\u0101m gan Sp\u0101nijas \u010dempion\u0101t\u0101, gan cit\u0101s sacens\u012bb\u0101s.<\/p>\n","protected":false},"excerpt":{"rendered":"Barcelona triumf\u0113 Sp\u0101nijas Superkaus\u0101 FC Barcelona sv\u0113tdien, 12. janv\u0101r\u012b, Sa\u016bda Ar\u0101bij\u0101 notiku\u0161aj\u0101 Sp\u0101nijas Superkausa fin\u0101lsp\u0113l\u0113 ar rezult\u0101tu 3:2&hellip;\n","protected":false},"author":2,"featured_media":102878,"comment_status":"","ping_status":"","sticky":false,"template":"","format":"standard","meta":{"footnotes":""},"categories":[17],"tags":[5134,24920,676,35,39,38,36,37,34,40,4718,24919,67],"class_list":{"0":"post-102877","1":"post","2":"type-post","3":"status-publish","4":"format-standard","5":"has-post-thumbnail","7":"category-sports","8":"tag-barcelona","9":"tag-el-clasico","10":"tag-futbols","11":"tag-latvia","12":"tag-latvian","13":"tag-latviesu","14":"tag-latviesu-valoda","15":"tag-latviesuvaloda","16":"tag-latvija","17":"tag-lv","18":"tag-real-madrid","19":"tag-spanijas-superkauss","20":"tag-sports"},"share_on_mastodon":{"url":"https:\/\/pubeurope.com\/@lv\/115887160879222114","error":""},"_links":{"self":[{"href":"https:\/\/www.europesays.com\/lv\/wp-json\/wp\/v2\/posts\/102877","targetHints":{"allow":["GET"]}}],"collection":[{"href":"https:\/\/www.europesays.com\/lv\/wp-json\/wp\/v2\/posts"}],"about":[{"href":"https:\/\/www.europesays.com\/lv\/wp-json\/wp\/v2\/types\/post"}],"author":[{"embeddable":true,"href":"https:\/\/www.europesays.com\/lv\/wp-json\/wp\/v2\/users\/2"}],"replies":[{"embeddable":true,"href":"https:\/\/www.europesays.com\/lv\/wp-json\/wp\/v2\/comments?post=102877"}],"version-history":[{"count":0,"href":"https:\/\/www.europesays.com\/lv\/wp-json\/wp\/v2\/posts\/102877\/revisions"}],"wp:featuredmedia":[{"embeddable":true,"href":"https:\/\/www.europesays.com\/lv\/wp-json\/wp\/v2\/media\/102878"}],"wp:attachment":[{"href":"https:\/\/www.europesays.com\/lv\/wp-json\/wp\/v2\/media?parent=102877"}],"wp:term":[{"taxonomy":"category","embeddable":true,"href":"https:\/\/www.europesays.com\/lv\/wp-json\/wp\/v2\/categories?post=102877"},{"taxonomy":"post_tag","embeddable":true,"href":"https:\/\/www.europesays.com\/lv\/wp-json\/wp\/v2\/tags?post=102877"}],"curies":[{"name":"wp","href":"https:\/\/api.w.org\/{rel}","templated":true}]}}