{"id":102879,"date":"2026-01-13T09:50:08","date_gmt":"2026-01-13T09:50:08","guid":{"rendered":"https:\/\/www.europesays.com\/lv\/102879\/"},"modified":"2026-01-13T09:50:08","modified_gmt":"2026-01-13T09:50:08","slug":"lestenes-baznicai-tuvako-gadu-laika-taps-ergeles-par-to-gadas-meistars-janis-kalnins-lr1-latvijas-radio","status":"publish","type":"post","link":"https:\/\/www.europesays.com\/lv\/102879\/","title":{"rendered":"Lestenes bazn\u012bcai tuv\u0101ko gadu laik\u0101 taps \u0113r\u0123eles; par to g\u0101d\u0101s meistars J\u0101nis Kalni\u0146\u0161 \/ LR1 \/ \/ Latvijas Radio"},"content":{"rendered":"<p><a href=\"https:\/\/mapp.latvijasradio.lv\/shared-broadcast?b=132&amp;url=http:\/\/latvijasradio.lsm.lv\/lv\/lr1\/raidijumi\/kulturas-rondo\/\" target=\"_blank\" rel=\"nofollow noopener\"><img decoding=\"async\" alt=\"Latvijas Radio lietotnes logo\" src=\"https:\/\/www.europesays.com\/lv\/wp-content\/uploads\/2026\/01\/1768297808_772_LR_pod poga.png\" style=\"width: 140px; height: 38px;\"\/><\/a><\/p>\n<p>Lestenes bazn\u012bca l\u0113ni un pamat\u012bgi atg\u016bst savu barok\u0101lo grezn\u012bbu, kas savulaik smagi cieta Otraj\u0101 pasaules kar\u0101 un padomju gadu vand\u0101lism\u0101. Tur pamaz\u0101m tiek likti pamati jaunu \u0113r\u0123e\u013cu izb\u016bvei, ko \u0113r\u0123elb\u016bves meistars J\u0101nis Kalni\u0146\u0161 ar cer\u012bgu humoru sauc par savu \u201ep\u0113d\u0113jo opusu\u201d.<\/p>\n<p>Savulaik\u00a0 par \u201ebaroka p\u0113rli\u201d d\u0113v\u0113ta, Otr\u0101 pasaules kar\u0101 boj\u0101ta, padomju laik\u0101 no vand\u0101lisma cietusi, Lestenes bazn\u012bca pamaz\u0101m atdzimst. Daudz kas jau atjaunots &#8211; alt\u0101ris, kancele un lustras ieguvu\u0161as k\u0101dreiz\u0113jo grezno izskatu. Aizvad\u012btaj\u0101s br\u012bvdien\u0101s Lestenes bazn\u012bc\u0101 pulc\u0113j\u0101s \u0113r\u0123e\u013cu ekspertu komiteja, lai dab\u0101 redz\u0113tu \u0113r\u0123e\u013cu prospektu, kas uz k\u0101du br\u012bdi novietots dievnam\u0101, un lai spriestu par \u0113r\u0123e\u013cu b\u016bves gaitu.<\/p>\n<p>Izveidots Lestenes bazn\u012bcas atjauno\u0161anas fonds, un Lestenes bazn\u012bcas atjauno\u0161anai iesp\u0113jams ziedot ikvienam.<\/p>\n<p>Ieteikt<\/p>\n<p>    Latvijas Radio aicina izteikt savu viedokli par raid\u012bjum\u0101 dzird\u0113to un atbalsta diskusijas klaus\u012bt\u0101ju starp\u0101, tom\u0113r patur ties\u012bbas dz\u0113st koment\u0101rus, kas p\u0101rk\u0101pj cie\u0146pilnas attieksmes un \u0113tiskas r\u012bc\u012bbas robe\u017eas.<a name=\"comments\"\/><\/p>\n","protected":false},"excerpt":{"rendered":"Lestenes bazn\u012bca l\u0113ni un pamat\u012bgi atg\u016bst savu barok\u0101lo grezn\u012bbu, kas savulaik smagi cieta Otraj\u0101 pasaules kar\u0101 un padomju&hellip;\n","protected":false},"author":2,"featured_media":102880,"comment_status":"","ping_status":"","sticky":false,"template":"","format":"standard","meta":{"footnotes":""},"categories":[12],"tags":[23,28,29,32,33,22,30,31,35,39,38,36,37,34,40,20,26,27,24,25,21],"class_list":{"0":"post-102879","1":"post","2":"type-post","3":"status-publish","4":"format-standard","5":"has-post-thumbnail","7":"category-latvija","8":"tag-aktualitates","9":"tag-breaking-news","10":"tag-breakingnews","11":"tag-featured-news","12":"tag-featurednews","13":"tag-headlines","14":"tag-latest-news","15":"tag-latestnews","16":"tag-latvia","17":"tag-latvian","18":"tag-latviesu","19":"tag-latviesu-valoda","20":"tag-latviesuvaloda","21":"tag-latvija","22":"tag-lv","23":"tag-news","24":"tag-popularakas-zinas","25":"tag-popularakaszinas","26":"tag-top-stories","27":"tag-topstories","28":"tag-zinas"},"share_on_mastodon":{"url":"https:\/\/pubeurope.com\/@lv\/115887172714454129","error":""},"_links":{"self":[{"href":"https:\/\/www.europesays.com\/lv\/wp-json\/wp\/v2\/posts\/102879","targetHints":{"allow":["GET"]}}],"collection":[{"href":"https:\/\/www.europesays.com\/lv\/wp-json\/wp\/v2\/posts"}],"about":[{"href":"https:\/\/www.europesays.com\/lv\/wp-json\/wp\/v2\/types\/post"}],"author":[{"embeddable":true,"href":"https:\/\/www.europesays.com\/lv\/wp-json\/wp\/v2\/users\/2"}],"replies":[{"embeddable":true,"href":"https:\/\/www.europesays.com\/lv\/wp-json\/wp\/v2\/comments?post=102879"}],"version-history":[{"count":0,"href":"https:\/\/www.europesays.com\/lv\/wp-json\/wp\/v2\/posts\/102879\/revisions"}],"wp:featuredmedia":[{"embeddable":true,"href":"https:\/\/www.europesays.com\/lv\/wp-json\/wp\/v2\/media\/102880"}],"wp:attachment":[{"href":"https:\/\/www.europesays.com\/lv\/wp-json\/wp\/v2\/media?parent=102879"}],"wp:term":[{"taxonomy":"category","embeddable":true,"href":"https:\/\/www.europesays.com\/lv\/wp-json\/wp\/v2\/categories?post=102879"},{"taxonomy":"post_tag","embeddable":true,"href":"https:\/\/www.europesays.com\/lv\/wp-json\/wp\/v2\/tags?post=102879"}],"curies":[{"name":"wp","href":"https:\/\/api.w.org\/{rel}","templated":true}]}}