{"id":102881,"date":"2026-01-13T09:51:10","date_gmt":"2026-01-13T09:51:10","guid":{"rendered":"https:\/\/www.europesays.com\/lv\/102881\/"},"modified":"2026-01-13T09:51:10","modified_gmt":"2026-01-13T09:51:10","slug":"pirmdien-ugunsgreka-dzivojamas-majas-dzivokli-valmiera-gajis-boja-cilveks","status":"publish","type":"post","link":"https:\/\/www.europesays.com\/lv\/102881\/","title":{"rendered":"Pirmdien ugunsgr\u0113k\u0101 dz\u012bvojam\u0101s m\u0101jas dz\u012bvokl\u012b Valmier\u0101 g\u0101jis boj\u0101 cilv\u0113ks"},"content":{"rendered":"<p>Pirmdien plkst. 14.26 <a href=\"https:\/\/www.tvnet.lv\/term\/555464\/vugd\" class=\"topicLink\" target=\"_blank\" rel=\"nofollow noopener\">VUGD<\/a> sa\u0146\u0113ma izsaukumu Valmier\u0101, kur piecst\u0101vu dz\u012bvojam\u0101s m\u0101jas pirm\u0101 st\u0101va dz\u012bvokl\u012b dega atkritumi. Ugunsgr\u0113k\u0101 g\u0101ja boj\u0101 cilv\u0113ks.<\/p>\n<p>Plkst. 17.27 VUGD pal\u012bdz\u012bba bija nepiecie\u0161ama Jelgavas novada Gl\u016bdas pagast\u0101, kur <a href=\"https:\/\/www.tvnet.lv\/term\/555502\/ugunsgreks\" class=\"topicLink\" target=\"_blank\" rel=\"nofollow noopener\">ugunsgr\u0113ks<\/a> bija izc\u0113lies vienst\u0101va daudzdz\u012bvok\u013cu dz\u012bvojam\u0101 m\u0101j\u0101. Notikuma viet\u0101 konstat\u0113ts, ka dz\u012bvokl\u012b deg sadz\u012bves mantas un starpst\u0101vu p\u0101rsegums.<\/p>\n<p>Viens cilv\u0113ks, kuru ugunsdz\u0113s\u0113ji no ugunsgr\u0113ka izgl\u0101ba, cieta un tika nodots Neatliekam\u0101s medic\u012bnisk\u0101s pal\u012bdz\u012bbas dienesta apr\u016bp\u0113. V\u0113l \u010detri cilv\u0113ki no m\u0101jas evaku\u0113j\u0101s pa\u0161u sp\u0113kiem pirms VUGD iera\u0161an\u0101s.<\/p>\n<p>\u0160or\u012bt \u012bsi p\u0113c plkst. 6 VUGD sa\u0146\u0113ma izsaukumu uz \u0100da\u017eu novada Carnikavu., kur dega divst\u0101vu dz\u012bvojam\u0101s m\u0101jas pirmais un otrais st\u0101vs, katrs 120 kvadr\u0101tmetru plat\u012bb\u0101, k\u0101 ar\u012b jumts 100 kvadr\u0101tmetru plat\u012bb\u0101. Pirms VUGD iera\u0161an\u0101s no dego\u0161\u0101s \u0113kas evaku\u0113j\u0101s divi cilv\u0113ki, kuri notikum\u0101 cieta. No blakus \u0113kas ugunsdz\u0113s\u0113ji gl\u0101b\u0113ji evaku\u0113ja v\u0113l divus cilv\u0113kus.<\/p>\n<p>Deg\u0161ana tika lokaliz\u0113ta plkst. 8.13, un patlaban VUGD turpina darbu notikuma viet\u0101.<\/p>\n<p>Aizvad\u012btaj\u0101 diennakt\u012b VUGD sa\u0146\u0113ma 39 izsaukumus &#8211; 11 uz ugunsgr\u0113ku dz\u0113\u0161anu, 17 uz gl\u0101b\u0161anas darbiem, bet 11 izsaukumi bija maldin\u0101jumi.<\/p>\n","protected":false},"excerpt":{"rendered":"Pirmdien plkst. 14.26 VUGD sa\u0146\u0113ma izsaukumu Valmier\u0101, kur piecst\u0101vu dz\u012bvojam\u0101s m\u0101jas pirm\u0101 st\u0101va dz\u012bvokl\u012b dega atkritumi. Ugunsgr\u0113k\u0101 g\u0101ja&hellip;\n","protected":false},"author":2,"featured_media":102882,"comment_status":"","ping_status":"","sticky":false,"template":"","format":"standard","meta":{"footnotes":""},"categories":[5],"tags":[23,28,29,32,33,22,30,31,35,39,38,36,37,34,40,20,26,27,24,25,377,4909,4908,21],"class_list":{"0":"post-102881","1":"post","2":"type-post","3":"status-publish","4":"format-standard","5":"has-post-thumbnail","7":"category-aktualitates","8":"tag-aktualitates","9":"tag-breaking-news","10":"tag-breakingnews","11":"tag-featured-news","12":"tag-featurednews","13":"tag-headlines","14":"tag-latest-news","15":"tag-latestnews","16":"tag-latvia","17":"tag-latvian","18":"tag-latviesu","19":"tag-latviesu-valoda","20":"tag-latviesuvaloda","21":"tag-latvija","22":"tag-lv","23":"tag-news","24":"tag-popularakas-zinas","25":"tag-popularakaszinas","26":"tag-top-stories","27":"tag-topstories","28":"tag-ugunsgreks","29":"tag-valsts-ugunsdzesibas-un-glabsanas-dienests-vugd","30":"tag-vugd","31":"tag-zinas"},"share_on_mastodon":{"url":"https:\/\/pubeurope.com\/@lv\/115887176643941971","error":""},"_links":{"self":[{"href":"https:\/\/www.europesays.com\/lv\/wp-json\/wp\/v2\/posts\/102881","targetHints":{"allow":["GET"]}}],"collection":[{"href":"https:\/\/www.europesays.com\/lv\/wp-json\/wp\/v2\/posts"}],"about":[{"href":"https:\/\/www.europesays.com\/lv\/wp-json\/wp\/v2\/types\/post"}],"author":[{"embeddable":true,"href":"https:\/\/www.europesays.com\/lv\/wp-json\/wp\/v2\/users\/2"}],"replies":[{"embeddable":true,"href":"https:\/\/www.europesays.com\/lv\/wp-json\/wp\/v2\/comments?post=102881"}],"version-history":[{"count":0,"href":"https:\/\/www.europesays.com\/lv\/wp-json\/wp\/v2\/posts\/102881\/revisions"}],"wp:featuredmedia":[{"embeddable":true,"href":"https:\/\/www.europesays.com\/lv\/wp-json\/wp\/v2\/media\/102882"}],"wp:attachment":[{"href":"https:\/\/www.europesays.com\/lv\/wp-json\/wp\/v2\/media?parent=102881"}],"wp:term":[{"taxonomy":"category","embeddable":true,"href":"https:\/\/www.europesays.com\/lv\/wp-json\/wp\/v2\/categories?post=102881"},{"taxonomy":"post_tag","embeddable":true,"href":"https:\/\/www.europesays.com\/lv\/wp-json\/wp\/v2\/tags?post=102881"}],"curies":[{"name":"wp","href":"https:\/\/api.w.org\/{rel}","templated":true}]}}