{"id":102883,"date":"2026-01-13T09:52:06","date_gmt":"2026-01-13T09:52:06","guid":{"rendered":"https:\/\/www.europesays.com\/lv\/102883\/"},"modified":"2026-01-13T09:52:06","modified_gmt":"2026-01-13T09:52:06","slug":"gimene-burka-pievienojas-jaunas-gimenes-vinu-vidu-ari-muzikis-lauris-valters","status":"publish","type":"post","link":"https:\/\/www.europesays.com\/lv\/102883\/","title":{"rendered":"&#8220;\u0122imene burk\u0101&#8221; pievienojas jaunas \u0123imenes, vi\u0146u vid\u016b ar\u012b m\u016bzi\u0137is Lauris Valters"},"content":{"rendered":"<p>&#8220;\u0122imene burk\u0101&#8221; atspogu\u013co \u012bstu dz\u012bvi, izgaismojot vairumam Latvijas m\u0101jsaimniec\u012bbu rakstur\u012bgu sadz\u012bves gr\u016bt\u012bbu un konfliktu. Tas kalpo k\u0101 pamudin\u0101jums skat\u012bt\u0101jiem nebaid\u012bties no atkl\u0101t\u012bbas un akt\u012bvi str\u0101d\u0101t pie savstarp\u0113j\u0101s saska\u0146as uzlabo\u0161anas, r\u0101dot re\u0101lus piem\u0113rus, k\u0101 tikt gal\u0101 ar attiec\u012bbu kr\u012bz\u0113m.<\/p>\n<p>Galvenais r\u012bks diskusiju veicin\u0101\u0161anai un samilzu\u0161u probl\u0113mu risin\u0101\u0161anai ir &#8220;v\u0113lmju burka&#8221;, kas mudina beigt gaid\u012bt un s\u0101kt run\u0101t, pal\u012bdzot dal\u012bbniekiem formul\u0113t savas vajadz\u012bbas un kop\u012bgi tiekties p\u0113c cie\u0146pilnas l\u012bdz\u0101spast\u0101v\u0113\u0161anas.<\/p>\n<blockquote class=\"quote ck-widget\" contenteditable=\"false\">\n<p>Ar\u012b \u0161osezon sav\u0101 profesion\u0101laj\u0101 pieredz\u0113 dal\u012bsies attiec\u012bbu treneris Kristaps Ozoli\u0146\u0161, aktualiz\u0113jot jaut\u0101jumus, kuri ir rodas katr\u0101 \u0123imen\u0113.<\/p>\n<\/blockquote>\n<p>&#8220;\u0122imene burk\u0101&#8221; jaun\u0101 sezona pie TV kan\u0101la 360 skat\u012bt\u0101jiem non\u0101ks 19. janv\u0101r\u012b &#8211; no pirmdienas l\u012bdz tre\u0161dienai jau plkst. 17:55.<\/p>\n<p>Iel\u016bkojies, kas gaid\u0101ms \u0161osezon!<\/p>\n","protected":false},"excerpt":{"rendered":"&#8220;\u0122imene burk\u0101&#8221; atspogu\u013co \u012bstu dz\u012bvi, izgaismojot vairumam Latvijas m\u0101jsaimniec\u012bbu rakstur\u012bgu sadz\u012bves gr\u016bt\u012bbu un konfliktu. Tas kalpo k\u0101 pamudin\u0101jums&hellip;\n","protected":false},"author":2,"featured_media":102884,"comment_status":"","ping_status":"","sticky":false,"template":"","format":"standard","meta":{"footnotes":""},"categories":[19],"tags":[89,4306,90,35,39,38,36,37,34,40],"class_list":{"0":"post-102883","1":"post","2":"type-post","3":"status-publish","4":"format-standard","5":"has-post-thumbnail","7":"category-izklaide","8":"tag-entertainment","9":"tag-gimene-burka","10":"tag-izklaide","11":"tag-latvia","12":"tag-latvian","13":"tag-latviesu","14":"tag-latviesu-valoda","15":"tag-latviesuvaloda","16":"tag-latvija","17":"tag-lv"},"share_on_mastodon":{"url":"https:\/\/pubeurope.com\/@lv\/115887180595051313","error":""},"_links":{"self":[{"href":"https:\/\/www.europesays.com\/lv\/wp-json\/wp\/v2\/posts\/102883","targetHints":{"allow":["GET"]}}],"collection":[{"href":"https:\/\/www.europesays.com\/lv\/wp-json\/wp\/v2\/posts"}],"about":[{"href":"https:\/\/www.europesays.com\/lv\/wp-json\/wp\/v2\/types\/post"}],"author":[{"embeddable":true,"href":"https:\/\/www.europesays.com\/lv\/wp-json\/wp\/v2\/users\/2"}],"replies":[{"embeddable":true,"href":"https:\/\/www.europesays.com\/lv\/wp-json\/wp\/v2\/comments?post=102883"}],"version-history":[{"count":0,"href":"https:\/\/www.europesays.com\/lv\/wp-json\/wp\/v2\/posts\/102883\/revisions"}],"wp:featuredmedia":[{"embeddable":true,"href":"https:\/\/www.europesays.com\/lv\/wp-json\/wp\/v2\/media\/102884"}],"wp:attachment":[{"href":"https:\/\/www.europesays.com\/lv\/wp-json\/wp\/v2\/media?parent=102883"}],"wp:term":[{"taxonomy":"category","embeddable":true,"href":"https:\/\/www.europesays.com\/lv\/wp-json\/wp\/v2\/categories?post=102883"},{"taxonomy":"post_tag","embeddable":true,"href":"https:\/\/www.europesays.com\/lv\/wp-json\/wp\/v2\/tags?post=102883"}],"curies":[{"name":"wp","href":"https:\/\/api.w.org\/{rel}","templated":true}]}}