{"id":102891,"date":"2026-01-13T10:02:07","date_gmt":"2026-01-13T10:02:07","guid":{"rendered":"https:\/\/www.europesays.com\/lv\/102891\/"},"modified":"2026-01-13T10:02:07","modified_gmt":"2026-01-13T10:02:07","slug":"islaicigi-tiek-ieviestas-izmainas-autobusu-marsrutu-nr-9-un-nr-10a-kustibas-shema-alejas-iela","status":"publish","type":"post","link":"https:\/\/www.europesays.com\/lv\/102891\/","title":{"rendered":"\u012aslaic\u012bgi tiek ieviestas izmai\u0146as autobusu mar\u0161rutu Nr. 9 un Nr. 10A kust\u012bbas sh\u0113m\u0101 Alejas iel\u0101"},"content":{"rendered":"<p>\t\t        \t<a href=\"https:\/\/www.daugavpils.lv\/assets\/upload\/news\/2026\/01\/daugavpils-autoosta-12112126-31_max.jpg\" rel=\"nofollow noopener\" target=\"_blank\"><img decoding=\"async\" src=\"https:\/\/www.europesays.com\/lv\/wp-content\/uploads\/2026\/01\/daugavpils-autoosta-12112126-31_sml.jpg\" class=\"news-image\" title=\"\u012aslaic\u012bgi tiek ieviestas izmai\u0146as autobusu mar\u0161rutu Nr. 9 un Nr. 10A kust\u012bbas sh\u0113m\u0101 Alejas iel\u0101\" alt=\"\u012aslaic\u012bgi tiek ieviestas izmai\u0146as autobusu mar\u0161rutu Nr. 9 un Nr. 10A kust\u012bbas sh\u0113m\u0101 Alejas iel\u0101\"\/><\/a><\/p>\n<p>SIA \u201cDaugavpils satiksme\u201d inform\u0113, ka liel\u0101 sniega daudzuma d\u0113\u013c Alejas ielas posm\u0101 no Sak\u0146u ielas l\u012bdz Saules ielai ir samazin\u0101ta brauktuves plat\u012bba, k\u0101 rezult\u0101t\u0101 ieviestas \u012bslaic\u012bgas izmai\u0146as mar\u0161rutu Nr. 9. un Nr. 10A autobusu kust\u012bb\u0101.<\/p>\n<p>&#13;<\/p>\n<p>No 13. janv\u0101ra plkst. 11.00 uz laiku, kam\u0113r pa\u0161vald\u012bbas komun\u0101lie dienesti veic sniega izve\u0161anu, ir ieviestas \u0161\u0101das izmai\u0146as autobusu kust\u012bb\u0101:<\/p>\n<p>&#13;<\/p>\n<ul>&#13;<\/p>\n<li>mar\u0161rut\u0101 Nr. 9 \u201cGr\u012bva (\u0136ir\u0161u iela) \u2013 Autoosta\u201d kurs\u0113s l\u012bdz galapieturai \u201cAutoosta\u201d autobusi kurs\u0113s, neiebraucot pieturviet\u0101 \u201cR\u012bgas iela\u201d;<\/li>\n<p>&#13;<\/p>\n<li>mar\u0161rut\u0161 Nr. 10A \u201cRu\u0123e\u013ci (B\u0113rnud\u0101rzs) \u2013 Autoosta\u201d kurs\u0113 no\/l\u012bdz galapieturai \u201cAutoosta\u201d autobusi kurs\u0113s, neiebraucot pieturviet\u0101 \u201cSak\u0146u iela\u201d.<\/li>\n<p>&#13;\n<\/ul>\n<p>&#13;<\/p>\n<p>SIA \u201cDaugavpils satiksme\u201d atvainojas par sag\u0101d\u0101taj\u0101m ne\u0113rt\u012bb\u0101m un aicina pasa\u017eierus savlaic\u012bgi pl\u0101not savus braucienus, \u0146emot v\u0113r\u0101 aktu\u0101l\u0101s izmai\u0146as.<\/p>\n<p>&#13;<\/p>\n<p>\u00a0<\/p>\n<p>&#13;<\/p>\n<p>Inform\u0101ciju sagatavoja<\/p>\n<p>&#13;<\/p>\n<p>SIA \u201cDaugavpils satiksme\u201d<\/p>\n","protected":false},"excerpt":{"rendered":"SIA \u201cDaugavpils satiksme\u201d inform\u0113, ka liel\u0101 sniega daudzuma d\u0113\u013c Alejas ielas posm\u0101 no Sak\u0146u ielas l\u012bdz Saules ielai&hellip;\n","protected":false},"author":2,"featured_media":102892,"comment_status":"","ping_status":"","sticky":false,"template":"","format":"standard","meta":{"footnotes":""},"categories":[12],"tags":[23,28,29,32,33,22,30,31,35,39,38,36,37,34,40,20,26,27,24,25,21],"class_list":{"0":"post-102891","1":"post","2":"type-post","3":"status-publish","4":"format-standard","5":"has-post-thumbnail","7":"category-latvija","8":"tag-aktualitates","9":"tag-breaking-news","10":"tag-breakingnews","11":"tag-featured-news","12":"tag-featurednews","13":"tag-headlines","14":"tag-latest-news","15":"tag-latestnews","16":"tag-latvia","17":"tag-latvian","18":"tag-latviesu","19":"tag-latviesu-valoda","20":"tag-latviesuvaloda","21":"tag-latvija","22":"tag-lv","23":"tag-news","24":"tag-popularakas-zinas","25":"tag-popularakaszinas","26":"tag-top-stories","27":"tag-topstories","28":"tag-zinas"},"share_on_mastodon":{"url":"https:\/\/pubeurope.com\/@lv\/115887219781545435","error":""},"_links":{"self":[{"href":"https:\/\/www.europesays.com\/lv\/wp-json\/wp\/v2\/posts\/102891","targetHints":{"allow":["GET"]}}],"collection":[{"href":"https:\/\/www.europesays.com\/lv\/wp-json\/wp\/v2\/posts"}],"about":[{"href":"https:\/\/www.europesays.com\/lv\/wp-json\/wp\/v2\/types\/post"}],"author":[{"embeddable":true,"href":"https:\/\/www.europesays.com\/lv\/wp-json\/wp\/v2\/users\/2"}],"replies":[{"embeddable":true,"href":"https:\/\/www.europesays.com\/lv\/wp-json\/wp\/v2\/comments?post=102891"}],"version-history":[{"count":0,"href":"https:\/\/www.europesays.com\/lv\/wp-json\/wp\/v2\/posts\/102891\/revisions"}],"wp:featuredmedia":[{"embeddable":true,"href":"https:\/\/www.europesays.com\/lv\/wp-json\/wp\/v2\/media\/102892"}],"wp:attachment":[{"href":"https:\/\/www.europesays.com\/lv\/wp-json\/wp\/v2\/media?parent=102891"}],"wp:term":[{"taxonomy":"category","embeddable":true,"href":"https:\/\/www.europesays.com\/lv\/wp-json\/wp\/v2\/categories?post=102891"},{"taxonomy":"post_tag","embeddable":true,"href":"https:\/\/www.europesays.com\/lv\/wp-json\/wp\/v2\/tags?post=102891"}],"curies":[{"name":"wp","href":"https:\/\/api.w.org\/{rel}","templated":true}]}}