{"id":102897,"date":"2026-01-13T10:09:09","date_gmt":"2026-01-13T10:09:09","guid":{"rendered":"https:\/\/www.europesays.com\/lv\/102897\/"},"modified":"2026-01-13T10:09:09","modified_gmt":"2026-01-13T10:09:09","slug":"katrs-tresais-uznemums-sogad-plano-paplasinat-savu-uznemejdarbibu-raksts","status":"publish","type":"post","link":"https:\/\/www.europesays.com\/lv\/102897\/","title":{"rendered":"Katrs tre\u0161ais uz\u0146\u0113mums \u0161ogad pl\u0101no papla\u0161in\u0101t savu uz\u0146\u0113m\u0113jdarb\u012bbu \/ Raksts"},"content":{"rendered":"<p>Katrs tre\u0161ais jeb 33 % uz\u0146\u0113mumu 2026. gad\u0101 pl\u0101no papla\u0161in\u0101t savu uz\u0146\u0113m\u0113jdarb\u012bbu \u2013 t\u0101 noskaidrots &#8220;Luminor&#8221; bankas sadarb\u012bb\u0101 ar p\u0113t\u012bjumu a\u0123ent\u016bru veiktaj\u0101 mazo un vid\u0113jo uz\u0146\u0113mumu aptauj\u0101.\u00a0<\/p>\n<p>Visbie\u017e\u0101k uz\u0146\u0113m\u0113ji nor\u0101d\u012bju\u0161i, ka pl\u0101no palielin\u0101t p\u0101rdo\u0161anas vai ra\u017eo\u0161anas apjomus (48 %) un ieviest jaunus produktus vai pakalpojumus (40 %), t\u0101d\u0113j\u0101di saglab\u0101jot konkur\u0113tsp\u0113ju un piel\u0101gojoties main\u012bgajam piepras\u012bjumam.\u00a0<\/p>\n<p>K\u0101 noz\u012bm\u012bgas priorit\u0101tes uz\u0146\u0113m\u0113jdarb\u012bbas papla\u0161in\u0101\u0161an\u0101 uz\u0146\u0113m\u0113ji min ar\u012b z\u012bmola atpaz\u012bstam\u012bbas palielin\u0101\u0161ana un klientu piesaiste (28 %), k\u0101 ar\u012b eksporta palielin\u0101\u0161ana (27 %). Tikm\u0113r kaimi\u0146valst\u012bs liek\u0101ka da\u013ca mazo un vid\u0113jo uz\u0146\u0113m\u0113ju k\u0101 galveno fokusu izce\u013c p\u0101rdo\u0161anas vai ra\u017eo\u0161anas apjomu palielin\u0101\u0161anu \u2013 uz to cer 61 % Lietuvas un 74 % Igaunijas papla\u0161in\u0101ties pl\u0101nojo\u0161ie uz\u0146\u0113m\u0113ji.\u00a0<\/p>\n<blockquote>\n<p>&#8220;Pieaugo\u0161s pat\u0113r\u0113t\u0101ju optimisms, kredit\u0113\u0161anas piepras\u012bjums un algu k\u0101pums\u00a0ir pamats pozit\u012bvam uz\u0146\u0113mumu un iedz\u012bvot\u0101ju noska\u0146ojumam.<\/p>\n<\/blockquote>\n<p>Kredit\u0113\u0161anas aktivit\u0101t\u0113 ir v\u0113rojamas b\u016btiskas atvese\u013co\u0161an\u0101s paz\u012bmes. P\u0113rn uz\u0146\u0113mumi galvenok\u0101rt piesaist\u012bja bankas finans\u0113jumu, fokus\u0113joties uz tr\u012bs galvenaj\u0101m priorit\u0101t\u0113m: apgroz\u0101mo l\u012bdzek\u013cu nodro\u0161in\u0101\u0161anu ikdienas darb\u012bbai,\u00a0 da\u017e\u0101du akt\u012bvu ieg\u0101de l\u012bzing\u0101, telpu papla\u0161in\u0101\u0161anu un moderniz\u0101ciju, tai skait\u0101 invest\u012bcijas ilgtsp\u0113j\u012bgos risin\u0101jumos, piem\u0113ram, \u0113ku siltin\u0101\u0161an\u0101 un saules pane\u013cos, kas veicina vides, soci\u0101lo un p\u0101rvald\u012bbas m\u0113r\u0137u sasnieg\u0161anu.\u00a0<\/p>\n<blockquote>\n<p>No uz\u0146\u0113mumu kredit\u0113\u0161anas skatpunkta vair\u0101ki sign\u0101li \u0161obr\u012bd liecina, ka izaugsmes temps tuv\u0101kaj\u0101 laik\u0101 dr\u012bz\u0101k var\u0113tu pieaugt, nevis pal\u0113nin\u0101ties.\u00a0<\/p>\n<\/blockquote>\n<p>Redzam labus priek\u0161noteikumus tam, lai pozit\u012bv\u0101s tendences turpin\u0101tos,&#8221; sac\u012bja &#8220;Luminor&#8221; Mazo un vid\u0113jo uz\u0146\u0113mumu apkalpo\u0161anas vad\u012bt\u0101js Mareks Gurauskas.\u00a0<\/p>\n<p>Latvijas uz\u0146\u0113mumi ir optimistisk\u0101kie Baltijas valstu vid\u016b, Lietuv\u0101 uz\u0146\u0113m\u0113jdarb\u012bbas papla\u0161in\u0101\u0161anas pl\u0101ni ir k\u013cuvu\u0161i pietic\u012bg\u0101ki \u2013 p\u0113rn att\u012bst\u012bbu pl\u0101noja vismaz katrs tre\u0161ais mazais un vid\u0113jais uz\u0146\u0113m\u0113js, bet tagad to nor\u0101da katrs ceturtais jeb 26 %. Tikm\u0113r Igaunij\u0101 uz\u0146\u0113m\u0113ji k\u013cuvu\u0161i optimistisk\u0101ki un 28 % mazo un vid\u0113jo uz\u0146\u0113m\u0113ju pl\u0101no att\u012bst\u012bbu.<\/p>\n<p>Taj\u0101 pa\u0161\u0101 laik\u0101 liela da\u013ca Latvijas (48 %), Lietuvas (51 %) un Igaunijas (56 %) uz\u0146\u0113mumu nor\u0101d\u012bju\u0161i, ka n\u0101kamaj\u0101 gad\u0101 papla\u0161in\u0101\u0161anos nepl\u0101no. K\u0101 galvenos izaicin\u0101jumus 2026. gad\u0101 uz\u0146\u0113mumi min\u0113ja\u00a0infl\u0101ciju, \u0123eopolitisko situ\u0101ciju un ar\u012b pat\u0113r\u0113t\u0101ju pirktsp\u0113jas noska\u0146ojumu.<\/p>\n<p>&#8220;Luminor&#8221; bankas aptauja veikta 2025. gada novembr\u012b sadarb\u012bb\u0101 ar p\u0113t\u012bjumu a\u0123ent\u016bru &#8220;Norstat&#8221;, kopum\u0101 aptauj\u0101jot 250 mazo un vid\u0113jo uz\u0146\u0113mumu p\u0101rst\u0101vjus Latvij\u0101.<\/p>\n<p>                    Valodas k\u013c\u016bda rakst\u0101?<\/p>\n<p class=\"d-none d-md-block\">Iez\u012bm\u0113jiet tekstu un spiediet Ctrl+Enter, lai nos\u016bt\u012btu labojamo teksta fragmentu redaktoram! Par faktu k\u013c\u016bd\u0101m l\u016bdzam zi\u0146ot e-past\u0101 <a href=\"https:\/\/www.lsm.lv\/cdn-cgi\/l\/email-protection\" class=\"__cf_email__\" data-cfemail=\"2f5d4a4b4e444c46454e6f435c42014359\" rel=\"nofollow noopener\" target=\"_blank\">[email\u00a0protected]<\/a>.<\/p>\n<p class=\"d-md-none\">Iez\u012bm\u0113jiet tekstu un spiediet uz Zi\u0146ot par k\u013c\u016bdu pogas, lai nos\u016bt\u012btu labojamo teksta fragmentu redaktoram!<\/p>\n<p>\n                    Zi\u0146ot par k\u013c\u016bdu\n                <\/p>\n","protected":false},"excerpt":{"rendered":"Katrs tre\u0161ais jeb 33 % uz\u0146\u0113mumu 2026. gad\u0101 pl\u0101no papla\u0161in\u0101t savu uz\u0146\u0113m\u0113jdarb\u012bbu \u2013 t\u0101 noskaidrots &#8220;Luminor&#8221; bankas sadarb\u012bb\u0101&hellip;\n","protected":false},"author":2,"featured_media":11655,"comment_status":"","ping_status":"","sticky":false,"template":"","format":"standard","meta":{"footnotes":""},"categories":[5],"tags":[23,28,29,32,33,22,30,31,35,39,38,36,37,34,40,20,26,27,24,25,21],"class_list":{"0":"post-102897","1":"post","2":"type-post","3":"status-publish","4":"format-standard","5":"has-post-thumbnail","7":"category-aktualitates","8":"tag-aktualitates","9":"tag-breaking-news","10":"tag-breakingnews","11":"tag-featured-news","12":"tag-featurednews","13":"tag-headlines","14":"tag-latest-news","15":"tag-latestnews","16":"tag-latvia","17":"tag-latvian","18":"tag-latviesu","19":"tag-latviesu-valoda","20":"tag-latviesuvaloda","21":"tag-latvija","22":"tag-lv","23":"tag-news","24":"tag-popularakas-zinas","25":"tag-popularakaszinas","26":"tag-top-stories","27":"tag-topstories","28":"tag-zinas"},"share_on_mastodon":{"url":"https:\/\/pubeurope.com\/@lv\/115887247332356911","error":""},"_links":{"self":[{"href":"https:\/\/www.europesays.com\/lv\/wp-json\/wp\/v2\/posts\/102897","targetHints":{"allow":["GET"]}}],"collection":[{"href":"https:\/\/www.europesays.com\/lv\/wp-json\/wp\/v2\/posts"}],"about":[{"href":"https:\/\/www.europesays.com\/lv\/wp-json\/wp\/v2\/types\/post"}],"author":[{"embeddable":true,"href":"https:\/\/www.europesays.com\/lv\/wp-json\/wp\/v2\/users\/2"}],"replies":[{"embeddable":true,"href":"https:\/\/www.europesays.com\/lv\/wp-json\/wp\/v2\/comments?post=102897"}],"version-history":[{"count":0,"href":"https:\/\/www.europesays.com\/lv\/wp-json\/wp\/v2\/posts\/102897\/revisions"}],"wp:featuredmedia":[{"embeddable":true,"href":"https:\/\/www.europesays.com\/lv\/wp-json\/wp\/v2\/media\/11655"}],"wp:attachment":[{"href":"https:\/\/www.europesays.com\/lv\/wp-json\/wp\/v2\/media?parent=102897"}],"wp:term":[{"taxonomy":"category","embeddable":true,"href":"https:\/\/www.europesays.com\/lv\/wp-json\/wp\/v2\/categories?post=102897"},{"taxonomy":"post_tag","embeddable":true,"href":"https:\/\/www.europesays.com\/lv\/wp-json\/wp\/v2\/tags?post=102897"}],"curies":[{"name":"wp","href":"https:\/\/api.w.org\/{rel}","templated":true}]}}