{"id":102904,"date":"2026-01-13T10:15:08","date_gmt":"2026-01-13T10:15:08","guid":{"rendered":"https:\/\/www.europesays.com\/lv\/102904\/"},"modified":"2026-01-13T10:15:08","modified_gmt":"2026-01-13T10:15:08","slug":"latvija-diennakts-laika-piekerti-sesi-reibuma-esosi-soferi","status":"publish","type":"post","link":"https:\/\/www.europesays.com\/lv\/102904\/","title":{"rendered":"Latvij\u0101 diennakts laik\u0101 pie\u0137erti se\u0161i reibum\u0101 eso\u0161i \u0161oferi"},"content":{"rendered":"<p class=\"descr\">Aizvad\u012btaj\u0101 diennakt\u012b ce\u013cu satiksm\u0113 Latvij\u0101 pie\u0137erti se\u0161i transportl\u012bdzek\u013cu vad\u012bt\u0101ji alkohola vai narkotisko vielu reibum\u0101, a\u0123ent\u016bru LETA inform\u0113ja Valsts policij\u0101.<\/p>\n<p>\u010cetri autovad\u012bt\u0101ji s\u0113d\u0101s pie st\u016bres <a href=\"https:\/\/nra.lv\/birka\/dzerajsoferi\/\" rel=\"nofollow noopener\" target=\"_blank\">alkohola reibum\u0101<\/a>, bet divi &#8211; narkotisko vielu iespaid\u0101. Visos gad\u012bjumos s\u0101kti krimin\u0101lprocesi.<\/p>\n<p>Kopum\u0101 vakar valst\u012b re\u0123istr\u0113ti 188 ce\u013cu satiksmes negad\u012bjumi, no kuriem se\u0161os cietu\u0161i cilv\u0113ki. Negad\u012bjumos savainojumus guvu\u0161i septi\u0146i cilv\u0113ki, tostarp divi g\u0101j\u0113ji.<\/p>\n<p>Visvair\u0101k negad\u012bjumu ar cietu\u0161ajiem re\u0123istr\u0113ti Vidzemes re\u0123ion\u0101 &#8211; viens negad\u012bjums, kur\u0101 cietu\u0161as divas personas. R\u012bgas re\u0123ion\u0101 un Kurzem\u0113 katr\u0101 fiks\u0113ts pa vienam negad\u012bjumam ar cietu\u0161ajiem.<\/p>\n<p>Pag\u0101ju\u0161aj\u0101 diennakt\u012b ce\u013cu satiksmes jom\u0101<a href=\"https:\/\/nra.lv\/birka\/valsts-policija\/\" rel=\"nofollow noopener\" target=\"_blank\"> Valsts policija<\/a> noform\u0113jusi ar\u012b 368 administrat\u012bvo p\u0101rk\u0101pumu protokolus. Par p\u0101r\u0101k \u0101tru brauk\u0161anu sod\u012bti 94 \u0161oferi, bet par agres\u012bvu brauk\u0161anu- \u010detri vad\u012bt\u0101ji.<\/p>\n<p>\t\t\t\t\t\tinfo<\/p>\n<p>Uzzini pirmais<br \/>kas interesants noticis Latvij\u0101 un pasaul\u0113,<br \/>pievienojoties mums <a href=\"https:\/\/t.me\/neatkariga\" rel=\"nofollow\">Telegram<\/a> vai <a href=\"https:\/\/whatsapp.com\/channel\/0029VaMLFUH5K3zLU5s4wm3y\" rel=\"nofollow noopener\" target=\"_blank\">Whatsapp<\/a> kan\u0101l\u0101<\/p>\n","protected":false},"excerpt":{"rendered":"Aizvad\u012btaj\u0101 diennakt\u012b ce\u013cu satiksm\u0113 Latvij\u0101 pie\u0137erti se\u0161i transportl\u012bdzek\u013cu vad\u012bt\u0101ji alkohola vai narkotisko vielu reibum\u0101, a\u0123ent\u016bru LETA inform\u0113ja Valsts&hellip;\n","protected":false},"author":2,"featured_media":102905,"comment_status":"","ping_status":"","sticky":false,"template":"","format":"standard","meta":{"footnotes":""},"categories":[5],"tags":[23,28,29,32,33,22,30,31,35,39,38,36,37,34,40,20,26,27,24,25,21],"class_list":{"0":"post-102904","1":"post","2":"type-post","3":"status-publish","4":"format-standard","5":"has-post-thumbnail","7":"category-aktualitates","8":"tag-aktualitates","9":"tag-breaking-news","10":"tag-breakingnews","11":"tag-featured-news","12":"tag-featurednews","13":"tag-headlines","14":"tag-latest-news","15":"tag-latestnews","16":"tag-latvia","17":"tag-latvian","18":"tag-latviesu","19":"tag-latviesu-valoda","20":"tag-latviesuvaloda","21":"tag-latvija","22":"tag-lv","23":"tag-news","24":"tag-popularakas-zinas","25":"tag-popularakaszinas","26":"tag-top-stories","27":"tag-topstories","28":"tag-zinas"},"share_on_mastodon":{"url":"https:\/\/pubeurope.com\/@lv\/115887270954858982","error":""},"_links":{"self":[{"href":"https:\/\/www.europesays.com\/lv\/wp-json\/wp\/v2\/posts\/102904","targetHints":{"allow":["GET"]}}],"collection":[{"href":"https:\/\/www.europesays.com\/lv\/wp-json\/wp\/v2\/posts"}],"about":[{"href":"https:\/\/www.europesays.com\/lv\/wp-json\/wp\/v2\/types\/post"}],"author":[{"embeddable":true,"href":"https:\/\/www.europesays.com\/lv\/wp-json\/wp\/v2\/users\/2"}],"replies":[{"embeddable":true,"href":"https:\/\/www.europesays.com\/lv\/wp-json\/wp\/v2\/comments?post=102904"}],"version-history":[{"count":0,"href":"https:\/\/www.europesays.com\/lv\/wp-json\/wp\/v2\/posts\/102904\/revisions"}],"wp:featuredmedia":[{"embeddable":true,"href":"https:\/\/www.europesays.com\/lv\/wp-json\/wp\/v2\/media\/102905"}],"wp:attachment":[{"href":"https:\/\/www.europesays.com\/lv\/wp-json\/wp\/v2\/media?parent=102904"}],"wp:term":[{"taxonomy":"category","embeddable":true,"href":"https:\/\/www.europesays.com\/lv\/wp-json\/wp\/v2\/categories?post=102904"},{"taxonomy":"post_tag","embeddable":true,"href":"https:\/\/www.europesays.com\/lv\/wp-json\/wp\/v2\/tags?post=102904"}],"curies":[{"name":"wp","href":"https:\/\/api.w.org\/{rel}","templated":true}]}}