{"id":102910,"date":"2026-01-13T10:23:08","date_gmt":"2026-01-13T10:23:08","guid":{"rendered":"https:\/\/www.europesays.com\/lv\/102910\/"},"modified":"2026-01-13T10:23:08","modified_gmt":"2026-01-13T10:23:08","slug":"martins-laksa-pievienojas-polijas-komandai-krosno","status":"publish","type":"post","link":"https:\/\/www.europesays.com\/lv\/102910\/","title":{"rendered":"M\u0101rti\u0146\u0161 Laksa pievienojas Polijas komandai &#8220;Krosno&#8221;"},"content":{"rendered":"<p>Laksa pag\u0101ju\u0161aj\u0101 vasar\u0101, gatavojoties Eiropas \u010dempion\u0101ta fin\u0101lturn\u012bram, treni\u0146\u0101 iedz\u012bvoj\u0101s rok\u0101s savainojum\u0101 un, atg\u016bstoties no traumas, \u0161osezon v\u0113l nav sp\u0113l\u0113jis.<\/p>\n<p>Iepriek\u0161\u0113j\u0101s divas sezonas 35 gadus vecais basketbolists p\u0101rst\u0101v\u0113ja citu Polijas vien\u012bbu <a href=\"https:\/\/sports.tvnet.lv\/term\/850003\/glivices-gtk\" class=\"topicLink\" target=\"_blank\" rel=\"nofollow noopener\">Glivices GTK<\/a>. Pag\u0101ju\u0161aj\u0101 sezon\u0101 Laksa 27 ma\u010dos vid\u0113ji guva 12,6 punktus, izc\u012bn\u012bja 4,1 atl\u0113ku\u0161o bumbu un iekr\u0101ja 1,2 rezultat\u012bvas piesp\u0113les.<\/p>\n<p>Latvijas basketbolists karjeras laik\u0101 sp\u0113l\u0113jis ar\u012b Lietuv\u0101, Ung\u0101rij\u0101, k\u0101 ar\u012b V\u0101cijas un Sp\u0101nijas sp\u0113c\u012bg\u0101kaj\u0101s l\u012bg\u0101s. Laksa profesion\u0101lo karjeru s\u0101ka Latvij\u0101, sp\u0113l\u0113jot &#8220;VEF R\u012bga&#8221;, &#8220;Ventspils&#8221;, &#8220;J\u016brmala&#8221;\/&#8221;F\u0113nikss&#8221; un &#8220;Valmiera&#8221;\/ORDO komand\u0101s.<\/p>\n<p>&#8220;Krosno&#8221; komanda Valeiko vad\u012bb\u0101 pag\u0101ju\u0161aj\u0101 sezon\u0101 uzvar\u0113ja Polijas p\u0113c sp\u0113ka otraj\u0101 l\u012bg\u0101, ta\u010du novembr\u012b klubs p\u0101rtrauca sadarb\u012bbu ar latvie\u0161u speci\u0101listu. \u0160obr\u012bd &#8220;Krosno&#8221; ar bilanci 2-13 Polijas \u010dempion\u0101ta turn\u012bra tabul\u0101 atrodas p\u0113d\u0113j\u0101 viet\u0101 16 komandu konkurenc\u0113.<\/p>\n","protected":false},"excerpt":{"rendered":"Laksa pag\u0101ju\u0161aj\u0101 vasar\u0101, gatavojoties Eiropas \u010dempion\u0101ta fin\u0101lturn\u012bram, treni\u0146\u0101 iedz\u012bvoj\u0101s rok\u0101s savainojum\u0101 un, atg\u016bstoties no traumas, \u0161osezon v\u0113l nav&hellip;\n","protected":false},"author":2,"featured_media":102911,"comment_status":"","ping_status":"","sticky":false,"template":"","format":"standard","meta":{"footnotes":""},"categories":[17],"tags":[24923,24924,35,39,38,36,37,34,40,24922,67,1618],"class_list":{"0":"post-102910","1":"post","2":"type-post","3":"status-publish","4":"format-standard","5":"has-post-thumbnail","7":"category-sports","8":"tag-edmunds-valeiko","9":"tag-glivices-gtk","10":"tag-latvia","11":"tag-latvian","12":"tag-latviesu","13":"tag-latviesu-valoda","14":"tag-latviesuvaloda","15":"tag-latvija","16":"tag-lv","17":"tag-martins-laksa","18":"tag-sports","19":"tag-vef-riga"},"share_on_mastodon":{"url":"https:\/\/pubeurope.com\/@lv\/115887302377886578","error":""},"_links":{"self":[{"href":"https:\/\/www.europesays.com\/lv\/wp-json\/wp\/v2\/posts\/102910","targetHints":{"allow":["GET"]}}],"collection":[{"href":"https:\/\/www.europesays.com\/lv\/wp-json\/wp\/v2\/posts"}],"about":[{"href":"https:\/\/www.europesays.com\/lv\/wp-json\/wp\/v2\/types\/post"}],"author":[{"embeddable":true,"href":"https:\/\/www.europesays.com\/lv\/wp-json\/wp\/v2\/users\/2"}],"replies":[{"embeddable":true,"href":"https:\/\/www.europesays.com\/lv\/wp-json\/wp\/v2\/comments?post=102910"}],"version-history":[{"count":0,"href":"https:\/\/www.europesays.com\/lv\/wp-json\/wp\/v2\/posts\/102910\/revisions"}],"wp:featuredmedia":[{"embeddable":true,"href":"https:\/\/www.europesays.com\/lv\/wp-json\/wp\/v2\/media\/102911"}],"wp:attachment":[{"href":"https:\/\/www.europesays.com\/lv\/wp-json\/wp\/v2\/media?parent=102910"}],"wp:term":[{"taxonomy":"category","embeddable":true,"href":"https:\/\/www.europesays.com\/lv\/wp-json\/wp\/v2\/categories?post=102910"},{"taxonomy":"post_tag","embeddable":true,"href":"https:\/\/www.europesays.com\/lv\/wp-json\/wp\/v2\/tags?post=102910"}],"curies":[{"name":"wp","href":"https:\/\/api.w.org\/{rel}","templated":true}]}}