{"id":102927,"date":"2026-01-13T10:50:20","date_gmt":"2026-01-13T10:50:20","guid":{"rendered":"https:\/\/www.europesays.com\/lv\/102927\/"},"modified":"2026-01-13T10:50:20","modified_gmt":"2026-01-13T10:50:20","slug":"sorit-vietam-latvija-autoceli-sniegoti-un-apledo-tvnet","status":"publish","type":"post","link":"https:\/\/www.europesays.com\/lv\/102927\/","title":{"rendered":"\u0160or\u012bt viet\u0101m Latvij\u0101 autoce\u013ci sniegoti un apledo &#8211; TVNET"},"content":{"rendered":"<ol>\n<li><a href=\"https:\/\/news.google.com\/rss\/articles\/CBMigwFBVV95cUxPeXU3aVAzWHJiYVM2d00tcldvVGZ4Yzhrd0MwM3dkZlBSZlZqdHF5TVVCZUlMa0Y3S050VG5ucjBEYVdRNlZ5emg4dC1VdnpfZkpxZENkS0J4VDZDNjRlMk5ObjdVUXZVM3Bwd20tMkVSdXJaNWNmS1pmTjdnSXBqRTdGdw?oc=5\" target=\"_blank\" rel=\"nofollow noopener\">\u0160or\u012bt viet\u0101m Latvij\u0101 autoce\u013ci sniegoti un apledo<\/a>&nbsp;&nbsp;TVNET<\/li>\n<li><a href=\"https:\/\/news.google.com\/rss\/articles\/CBMixAFBVV95cUxPZ2NQdjRBekJ3Q2pQckhPaE1UdXZUSGJMNDRmT0ozYzgteEltU29JU1R2eDJVdWo5LWI4djJoQnBvYWh0SDRxQ1dsVG1xU1JqekJ0LTdhQ1JkTDV1NngxeEpHUTVMNGdEbDdVTEhNYVdsR0lpTjV6ejdHbzRSOVdUYWxiTVF4VXNnS1VpUVFDY0xqb0NDbnFCQnBmOWptZjFPOWg4UTF0UFlxaEs0MlNlNEp5THRGMjVOcTJwZUViQkw5czhi?oc=5\" target=\"_blank\" rel=\"nofollow noopener\">Sniegs un ledus apgr\u016btina brauk\u0161anu vis\u0101 Latvij\u0101. Kur situ\u0101cija uz ce\u013ciem ir viskritisk\u0101k\u0101?<\/a>&nbsp;&nbsp;Jauns.lv<\/li>\n<li><a href=\"https:\/\/news.google.com\/rss\/articles\/CBMitAFBVV95cUxPWi16MndBbnJFTDZjMl9YdU40TjBzRnJJaWp1LUJkbzNKOUJZRnplWXZtd1ZPWjN1UlJFT3RHSTRuZ21mcWxHS3pwSTZxMUkwa2liSEZ6d0JOLS1GMnhWekFHM25NZ1FwQUMxS2hrbjFzM3YwMWxNcXV1eGJaRzNaSnpVOWs3N01TdXVEeWM3dENWUDM4cDFGYWhuMzdvNGdVUXFYTmlLOFJZLWd6WG9neG9HOTg?oc=5\" target=\"_blank\" rel=\"nofollow noopener\">\u0160or\u012bt vis\u0101 Latvij\u0101 autoce\u013ci sniegoti un apledo, str\u0101d\u0101 121 ziemas tehnikas vien\u012bbas<\/a>&nbsp;&nbsp;Latvijas Valsts ce\u013ci<\/li>\n<li><a href=\"https:\/\/news.google.com\/rss\/articles\/CBMirAFBVV95cUxNNXpUazIxa3h6Qi1henBqSEhDS2VkdHgzM2QyUjg0UFNWeHYtYzFDRnoxNVVSQjFjZFpiZVE3NDZRWHBqaV9NdXlJdWNydzZaOWtLdV92TFRuYVVYNjZpdUxNTHRubVd4Z24yZUtBeGdraFg0Z3N6TWxXMm9tSy1raktRQjV5SF8xQ3ZROFlsMWxONVFIc21YMndXdXdaU2RYaHk3MXE2dGNhSHVR?oc=5\" target=\"_blank\" rel=\"nofollow noopener\">Video: Daudzviet Kurzem\u0113 un Zemgal\u0113 putenis pamat\u012bgi apgr\u016btina brauk\u0161anu (plkst.14.10)<\/a>&nbsp;&nbsp;Delfi<\/li>\n<li><a href=\"https:\/\/news.google.com\/rss\/articles\/CBMiekFVX3lxTE9kYVBua0xRakJrZkFuTGN0WjJGaFQ5RE9pMGxWRklSRnBkOHp4Zklfdi14Tzh3V2VRX0hibzZKRXVHcWZkbzVEQ1FJUTRUbGd5eXJGdVRNd1BVbUFsc20zVFpyQ1pMZXFmYTF4SHR6Nm9WNnNYQmFZTThR?oc=5\" target=\"_blank\" rel=\"nofollow noopener\">Sv\u0113tdienas r\u012bt\u0101 ir apgr\u016btin\u0101ta brauk\u0161ana<\/a>&nbsp;&nbsp;Apollo.lv<\/li>\n<\/ol>\n","protected":false},"excerpt":{"rendered":"\u0160or\u012bt viet\u0101m Latvij\u0101 autoce\u013ci sniegoti un apledo&nbsp;&nbsp;TVNET Sniegs un ledus apgr\u016btina brauk\u0161anu vis\u0101 Latvij\u0101. Kur situ\u0101cija uz ce\u013ciem&hellip;\n","protected":false},"author":2,"featured_media":102928,"comment_status":"","ping_status":"","sticky":false,"template":"","format":"standard","meta":{"footnotes":""},"categories":[5],"tags":[23,28,29,32,33,22,30,31,35,39,38,36,37,34,2857,40,20,26,27,1529,1528,24,25,21],"class_list":{"0":"post-102927","1":"post","2":"type-post","3":"status-publish","4":"format-standard","5":"has-post-thumbnail","7":"category-aktualitates","8":"tag-aktualitates","9":"tag-breaking-news","10":"tag-breakingnews","11":"tag-featured-news","12":"tag-featurednews","13":"tag-headlines","14":"tag-latest-news","15":"tag-latestnews","16":"tag-latvia","17":"tag-latvian","18":"tag-latviesu","19":"tag-latviesu-valoda","20":"tag-latviesuvaloda","21":"tag-latvija","22":"tag-latvijas-valsts-celi","23":"tag-lv","24":"tag-news","25":"tag-popularakas-zinas","26":"tag-popularakaszinas","27":"tag-satiksme","28":"tag-satiksmes-drosiba","29":"tag-top-stories","30":"tag-topstories","31":"tag-zinas"},"share_on_mastodon":{"url":"https:\/\/pubeurope.com\/@lv\/115887408625440554","error":""},"_links":{"self":[{"href":"https:\/\/www.europesays.com\/lv\/wp-json\/wp\/v2\/posts\/102927","targetHints":{"allow":["GET"]}}],"collection":[{"href":"https:\/\/www.europesays.com\/lv\/wp-json\/wp\/v2\/posts"}],"about":[{"href":"https:\/\/www.europesays.com\/lv\/wp-json\/wp\/v2\/types\/post"}],"author":[{"embeddable":true,"href":"https:\/\/www.europesays.com\/lv\/wp-json\/wp\/v2\/users\/2"}],"replies":[{"embeddable":true,"href":"https:\/\/www.europesays.com\/lv\/wp-json\/wp\/v2\/comments?post=102927"}],"version-history":[{"count":0,"href":"https:\/\/www.europesays.com\/lv\/wp-json\/wp\/v2\/posts\/102927\/revisions"}],"wp:featuredmedia":[{"embeddable":true,"href":"https:\/\/www.europesays.com\/lv\/wp-json\/wp\/v2\/media\/102928"}],"wp:attachment":[{"href":"https:\/\/www.europesays.com\/lv\/wp-json\/wp\/v2\/media?parent=102927"}],"wp:term":[{"taxonomy":"category","embeddable":true,"href":"https:\/\/www.europesays.com\/lv\/wp-json\/wp\/v2\/categories?post=102927"},{"taxonomy":"post_tag","embeddable":true,"href":"https:\/\/www.europesays.com\/lv\/wp-json\/wp\/v2\/tags?post=102927"}],"curies":[{"name":"wp","href":"https:\/\/api.w.org\/{rel}","templated":true}]}}