{"id":102933,"date":"2026-01-13T10:54:07","date_gmt":"2026-01-13T10:54:07","guid":{"rendered":"https:\/\/www.europesays.com\/lv\/102933\/"},"modified":"2026-01-13T10:54:07","modified_gmt":"2026-01-13T10:54:07","slug":"tramps-norada-ka-vins-butu-pagodinats-pienemt-macado-pieskirto-nobela-miera-premiju","status":"publish","type":"post","link":"https:\/\/www.europesays.com\/lv\/102933\/","title":{"rendered":"Tramps nor\u0101da, ka vi\u0146\u0161 &#8220;b\u016btu pagodin\u0101ts&#8221; pie\u0146emt Ma\u010dado pie\u0161\u0137irto Nobela miera pr\u0113miju"},"content":{"rendered":"<p>Intervij\u0101 kan\u0101lam &#8220;Fox News&#8221; Tramps sac\u012bja, ka vi\u0146am &#8220;b\u016btu liels pagodin\u0101jums&#8221; pie\u0146emt \u0161o balvu, piebilstot, ka tas, ka vi\u0146am neesot pie\u0161\u0137irta \u0161\u012b balva esot &#8220;liels apkaunojums Norv\u0113\u0123ijai&#8221;. T\u0101pat vi\u0146\u0161 nor\u0101d\u012bja, ka \u0161oned\u0113\u013c pl\u0101nota vi\u0146a un Ma\u010dado tik\u0161an\u0101s.\u00a0&#8220;Man b\u016bs ar vi\u0146u j\u0101parun\u0101. Manupr\u0101t, ir \u013coti jauki, ka vi\u0146a v\u0113las tikties. Un, cik saprotu, tam ir iemesls,&#8221; vi\u0146\u0161 teica.<\/p>\n","protected":false},"excerpt":{"rendered":"Intervij\u0101 kan\u0101lam &#8220;Fox News&#8221; Tramps sac\u012bja, ka vi\u0146am &#8220;b\u016btu liels pagodin\u0101jums&#8221; pie\u0146emt \u0161o balvu, piebilstot, ka tas, ka&hellip;\n","protected":false},"author":2,"featured_media":102934,"comment_status":"","ping_status":"","sticky":false,"template":"","format":"standard","meta":{"footnotes":""},"categories":[14],"tags":[23,57,28,29,32,33,22,30,31,35,39,38,36,37,34,40,20,26,27,24,25,54,55,56,21,58],"class_list":{"0":"post-102933","1":"post","2":"type-post","3":"status-publish","4":"format-standard","5":"has-post-thumbnail","7":"category-zinas-no-arvalstim","8":"tag-aktualitates","9":"tag-arvalstim","10":"tag-breaking-news","11":"tag-breakingnews","12":"tag-featured-news","13":"tag-featurednews","14":"tag-headlines","15":"tag-latest-news","16":"tag-latestnews","17":"tag-latvia","18":"tag-latvian","19":"tag-latviesu","20":"tag-latviesu-valoda","21":"tag-latviesuvaloda","22":"tag-latvija","23":"tag-lv","24":"tag-news","25":"tag-popularakas-zinas","26":"tag-popularakaszinas","27":"tag-top-stories","28":"tag-topstories","29":"tag-world","30":"tag-world-news","31":"tag-worldnews","32":"tag-zinas","33":"tag-zinas-no-arvalstim"},"share_on_mastodon":{"url":"https:\/\/pubeurope.com\/@lv\/115887424329451147","error":""},"_links":{"self":[{"href":"https:\/\/www.europesays.com\/lv\/wp-json\/wp\/v2\/posts\/102933","targetHints":{"allow":["GET"]}}],"collection":[{"href":"https:\/\/www.europesays.com\/lv\/wp-json\/wp\/v2\/posts"}],"about":[{"href":"https:\/\/www.europesays.com\/lv\/wp-json\/wp\/v2\/types\/post"}],"author":[{"embeddable":true,"href":"https:\/\/www.europesays.com\/lv\/wp-json\/wp\/v2\/users\/2"}],"replies":[{"embeddable":true,"href":"https:\/\/www.europesays.com\/lv\/wp-json\/wp\/v2\/comments?post=102933"}],"version-history":[{"count":0,"href":"https:\/\/www.europesays.com\/lv\/wp-json\/wp\/v2\/posts\/102933\/revisions"}],"wp:featuredmedia":[{"embeddable":true,"href":"https:\/\/www.europesays.com\/lv\/wp-json\/wp\/v2\/media\/102934"}],"wp:attachment":[{"href":"https:\/\/www.europesays.com\/lv\/wp-json\/wp\/v2\/media?parent=102933"}],"wp:term":[{"taxonomy":"category","embeddable":true,"href":"https:\/\/www.europesays.com\/lv\/wp-json\/wp\/v2\/categories?post=102933"},{"taxonomy":"post_tag","embeddable":true,"href":"https:\/\/www.europesays.com\/lv\/wp-json\/wp\/v2\/tags?post=102933"}],"curies":[{"name":"wp","href":"https:\/\/api.w.org\/{rel}","templated":true}]}}