{"id":102941,"date":"2026-01-13T10:59:06","date_gmt":"2026-01-13T10:59:06","guid":{"rendered":"https:\/\/www.europesays.com\/lv\/102941\/"},"modified":"2026-01-13T10:59:06","modified_gmt":"2026-01-13T10:59:06","slug":"heineken-vaditajs-pazino-par-atkapsanos-no-amata-dienas-bizness","status":"publish","type":"post","link":"https:\/\/www.europesays.com\/lv\/102941\/","title":{"rendered":"Heineken vad\u012bt\u0101js pazi\u0146o par atk\u0101p\u0161anos no amata :: Dienas Bizness"},"content":{"rendered":"<p class=\"text-font font-size--text-xlarge margin-3--bottom font-weight--bold padding-1--top\">N\u012bderlandes alus ra\u017eot\u0101ja &#8220;Heineken&#8221; izpilddirektors Dolfs van den Brinks negaid\u012bti pazi\u0146ojis par atk\u0101p\u0161anos no amata laik\u0101, kad uz\u0146\u0113mums saskaras ar tirdzniec\u012bbas apjoma kritumu un veic darbavietu likvid\u0113\u0161anu.<\/p>\n<p class=\"text-font font-size--text-xlarge margin-3--bottom\">P\u0113c teju se\u0161iem gadiem izpilddirektora amat\u0101 van den Brinks to pamet\u012bs 31. maij\u0101.<\/p>\n<p class=\"text-font font-size--text-xlarge margin-3--bottom\">&#8220;Uzskatu, ka pien\u0101cis \u012bstais br\u012bdis,&#8221; sac\u012bja 52 gadus vecais van den Brinks.<\/p>\n<p class=\"text-font font-size--text-xlarge margin-3--bottom\">&#8220;Heineken&#8221; ar vad\u012bbas mai\u0146u saskaras sare\u017e\u0123\u012bt\u0101 br\u012bd\u012b, \u0146emot v\u0113r\u0101 straujo alus tirdzniec\u012bbas apjoma kritumu. T\u0101pat uz\u0146\u0113mums oktobr\u012b pazi\u0146oja, ka saist\u012bb\u0101 ar galven\u0101 p\u0101rvaldes biroja reorganiz\u0101ciju Amsterdam\u0101 likvid\u0113 vai p\u0101rce\u013c 400 darbavietas.<\/p>\n<p class=\"text-font font-size--text-xlarge margin-3--bottom\">&#8220;Heineken&#8221; ir pasaul\u0113 otrais liel\u0101kais alus ra\u017eot\u0101js, kas ra\u017eo un p\u0101rdod vair\u0101k nek\u0101 300 z\u012bmolu alu un sidru.<\/p>\n","protected":false},"excerpt":{"rendered":"N\u012bderlandes alus ra\u017eot\u0101ja &#8220;Heineken&#8221; izpilddirektors Dolfs van den Brinks negaid\u012bti pazi\u0146ojis par atk\u0101p\u0161anos no amata laik\u0101, kad uz\u0146\u0113mums&hellip;\n","protected":false},"author":2,"featured_media":102942,"comment_status":"","ping_status":"","sticky":false,"template":"","format":"standard","meta":{"footnotes":""},"categories":[16],"tags":[869,77,870,76,867,35,39,38,36,37,34,871,868,40,21],"class_list":{"0":"post-102941","1":"post","2":"type-post","3":"status-publish","4":"format-standard","5":"has-post-thumbnail","7":"category-bizness","8":"tag-biznesa-zinas","9":"tag-bizness","10":"tag-bizness-latvija","11":"tag-business","12":"tag-dienas-zinas","13":"tag-latvia","14":"tag-latvian","15":"tag-latviesu","16":"tag-latviesu-valoda","17":"tag-latviesuvaloda","18":"tag-latvija","19":"tag-latvijas-biznesa-zinas","20":"tag-latvijas-zinas","21":"tag-lv","22":"tag-zinas"},"share_on_mastodon":{"url":"https:\/\/pubeurope.com\/@lv\/115887444131041310","error":""},"_links":{"self":[{"href":"https:\/\/www.europesays.com\/lv\/wp-json\/wp\/v2\/posts\/102941","targetHints":{"allow":["GET"]}}],"collection":[{"href":"https:\/\/www.europesays.com\/lv\/wp-json\/wp\/v2\/posts"}],"about":[{"href":"https:\/\/www.europesays.com\/lv\/wp-json\/wp\/v2\/types\/post"}],"author":[{"embeddable":true,"href":"https:\/\/www.europesays.com\/lv\/wp-json\/wp\/v2\/users\/2"}],"replies":[{"embeddable":true,"href":"https:\/\/www.europesays.com\/lv\/wp-json\/wp\/v2\/comments?post=102941"}],"version-history":[{"count":0,"href":"https:\/\/www.europesays.com\/lv\/wp-json\/wp\/v2\/posts\/102941\/revisions"}],"wp:featuredmedia":[{"embeddable":true,"href":"https:\/\/www.europesays.com\/lv\/wp-json\/wp\/v2\/media\/102942"}],"wp:attachment":[{"href":"https:\/\/www.europesays.com\/lv\/wp-json\/wp\/v2\/media?parent=102941"}],"wp:term":[{"taxonomy":"category","embeddable":true,"href":"https:\/\/www.europesays.com\/lv\/wp-json\/wp\/v2\/categories?post=102941"},{"taxonomy":"post_tag","embeddable":true,"href":"https:\/\/www.europesays.com\/lv\/wp-json\/wp\/v2\/tags?post=102941"}],"curies":[{"name":"wp","href":"https:\/\/api.w.org\/{rel}","templated":true}]}}