{"id":102943,"date":"2026-01-13T11:00:16","date_gmt":"2026-01-13T11:00:16","guid":{"rendered":"https:\/\/www.europesays.com\/lv\/102943\/"},"modified":"2026-01-13T11:00:16","modified_gmt":"2026-01-13T11:00:16","slug":"iranas-gazta-saha-dels-aicina-trampu-steidzami-iejaukties-iranas-rezima-gasana","status":"publish","type":"post","link":"https:\/\/www.europesays.com\/lv\/102943\/","title":{"rendered":"Ir\u0101nas g\u0101zt\u0101 \u0161aha d\u0113ls aicina Trampu steidzami iejaukties Ir\u0101nas re\u017e\u012bma g\u0101\u0161an\u0101"},"content":{"rendered":"<p>&#8220;Lab\u0101kais veids, k\u0101 nodro\u0161in\u0101t, lai Ir\u0101n\u0101 maz\u0101k cilv\u0113ku tiktu nogalin\u0101ti, ir \u0101tr\u0101k iejaukties, lai \u0161is re\u017e\u012bms beidzot sabruktu,&#8221; Pahlavi sac\u012bja intervij\u0101 <a href=\"https:\/\/www.apollo.lv\/term\/555410\/asv\" class=\"topicLink\" target=\"_blank\" rel=\"nofollow noopener\">ASV<\/a> telekan\u0101lam &#8220;CBS News&#8221;, sakot, ka ASV prezidentam Donaldam Trampam &#8220;diezgan \u0101tri j\u0101pie\u0146em l\u0113mums&#8221;.<\/p>\n<p>Pahlavi piebilda, ka ir sazin\u0101jies ar ASV administr\u0101ciju, bet nemin\u0113ja deta\u013cas.<\/p>\n<p>Tramps iepriek\u0161 bija apliecin\u0101jis atbalstu Ir\u0101n\u0101 notieko\u0161o protestu dal\u012bbniekiem, atz\u012bm\u0113jot, ka ASV armija apsver iesp\u0113jamus triecienus Ir\u0101nai, bet ar\u012b citus variantus.<\/p>\n<p>Pahlavi aps\u016bdz\u0113ja Ir\u0101nas vad\u012bbu m\u0113\u0123in\u0101jum\u0101 maldin\u0101t starptautisko sabiedr\u012bbu, izr\u0101dot gatav\u012bbu sarun\u0101m par nek\u0101rt\u012bbu izbeig\u0161anu. Vi\u0146\u0161 uzsv\u0113ra, ka &#8220;sp\u0113les noteikumi tiktu main\u012bti, ja \u0161is re\u017e\u012bms zin\u0101tu, ka vairs nevar pa\u013cauties uz nep\u0101rtrauktu represiju kampa\u0146u, pasaulei nerea\u0123\u0113jot uz to&#8221;.<\/p>\n<p>Atbildot uz jaut\u0101jumu, vai vi\u0146\u0161 aicina Trampu censties pan\u0101kt re\u017e\u012bma mai\u0146u, Pahlavi sac\u012bja: &#8220;Prezidents izsak\u0101s skaidri, sakot, ka vi\u0146\u0161 atbalsta Ir\u0101nas tautu.&#8221;<\/p>\n<p>&#8220;Solidarit\u0101te ar Ir\u0101nas tautu noz\u012bm\u0113 galu gal\u0101 to atbalst\u012bt t\u0101s pras\u012bb\u0101s, un t\u0101s pras\u012bba ir, ka \u0161im re\u017e\u012bmam j\u0101aiziet,&#8221; Pahlavi piebilda.<\/p>\n<p>Pahlavi, kuru g\u0101ztais Ir\u0101nas \u0161ahs iec\u0113la par kro\u0146princi, ir desmitiem gadu dz\u012bvojis trimd\u0101 ASV. Vi\u0146a t\u0113vs Mohammads Reza Pahlavi nomira 1980. gad\u0101 trimd\u0101 Kair\u0101.<\/p>\n","protected":false},"excerpt":{"rendered":"&#8220;Lab\u0101kais veids, k\u0101 nodro\u0161in\u0101t, lai Ir\u0101n\u0101 maz\u0101k cilv\u0113ku tiktu nogalin\u0101ti, ir \u0101tr\u0101k iejaukties, lai \u0161is re\u017e\u012bms beidzot sabruktu,&#8221;&hellip;\n","protected":false},"author":2,"featured_media":102654,"comment_status":"","ping_status":"","sticky":false,"template":"","format":"standard","meta":{"footnotes":""},"categories":[14],"tags":[23,57,292,28,29,542,32,33,22,2562,30,31,35,39,38,36,37,34,40,20,26,27,4204,24,25,54,55,56,21,58],"class_list":{"0":"post-102943","1":"post","2":"type-post","3":"status-publish","4":"format-standard","5":"has-post-thumbnail","7":"category-zinas-no-arvalstim","8":"tag-aktualitates","9":"tag-arvalstim","10":"tag-asv","11":"tag-breaking-news","12":"tag-breakingnews","13":"tag-donalds-tramps","14":"tag-featured-news","15":"tag-featurednews","16":"tag-headlines","17":"tag-irana","18":"tag-latest-news","19":"tag-latestnews","20":"tag-latvia","21":"tag-latvian","22":"tag-latviesu","23":"tag-latviesu-valoda","24":"tag-latviesuvaloda","25":"tag-latvija","26":"tag-lv","27":"tag-news","28":"tag-popularakas-zinas","29":"tag-popularakaszinas","30":"tag-protesti","31":"tag-top-stories","32":"tag-topstories","33":"tag-world","34":"tag-world-news","35":"tag-worldnews","36":"tag-zinas","37":"tag-zinas-no-arvalstim"},"share_on_mastodon":{"url":"https:\/\/pubeurope.com\/@lv\/115887447930821863","error":""},"_links":{"self":[{"href":"https:\/\/www.europesays.com\/lv\/wp-json\/wp\/v2\/posts\/102943","targetHints":{"allow":["GET"]}}],"collection":[{"href":"https:\/\/www.europesays.com\/lv\/wp-json\/wp\/v2\/posts"}],"about":[{"href":"https:\/\/www.europesays.com\/lv\/wp-json\/wp\/v2\/types\/post"}],"author":[{"embeddable":true,"href":"https:\/\/www.europesays.com\/lv\/wp-json\/wp\/v2\/users\/2"}],"replies":[{"embeddable":true,"href":"https:\/\/www.europesays.com\/lv\/wp-json\/wp\/v2\/comments?post=102943"}],"version-history":[{"count":0,"href":"https:\/\/www.europesays.com\/lv\/wp-json\/wp\/v2\/posts\/102943\/revisions"}],"wp:featuredmedia":[{"embeddable":true,"href":"https:\/\/www.europesays.com\/lv\/wp-json\/wp\/v2\/media\/102654"}],"wp:attachment":[{"href":"https:\/\/www.europesays.com\/lv\/wp-json\/wp\/v2\/media?parent=102943"}],"wp:term":[{"taxonomy":"category","embeddable":true,"href":"https:\/\/www.europesays.com\/lv\/wp-json\/wp\/v2\/categories?post=102943"},{"taxonomy":"post_tag","embeddable":true,"href":"https:\/\/www.europesays.com\/lv\/wp-json\/wp\/v2\/tags?post=102943"}],"curies":[{"name":"wp","href":"https:\/\/api.w.org\/{rel}","templated":true}]}}