{"id":102944,"date":"2026-01-13T11:03:07","date_gmt":"2026-01-13T11:03:07","guid":{"rendered":"https:\/\/www.europesays.com\/lv\/102944\/"},"modified":"2026-01-13T11:03:07","modified_gmt":"2026-01-13T11:03:07","slug":"muzikis-emils-balceris-klus-par-iespaidiga-sova-vaditaju","status":"publish","type":"post","link":"https:\/\/www.europesays.com\/lv\/102944\/","title":{"rendered":"M\u016bzi\u0137is Em\u012bls Balceris k\u013c\u016bs par iespaid\u012bga \u0161ova vad\u012bt\u0101ju"},"content":{"rendered":"<p>Viktor\u012bna &#8220;THE FLOOR | P\u0101r\u0146em laukumu&#8221; ir k\u013cuvusi par vienu no p\u0113d\u0113jo gadu v\u0113rien\u012bg\u0101kajiem telev\u012bzijas form\u0101tiem, sa\u0146emot vair\u0101kas presti\u017eas starptautiskas balvas.<\/p>\n<p>Pavisam dr\u012bz t\u0101 non\u0101ks telev\u012bzijas ekr\u0101nos \u2013 35 dal\u012bbnieki sacent\u012bsies zin\u0101\u0161anu duel\u012b, katrs ar savu izv\u0113l\u0113to kategoriju.<\/p>\n<p>\u0160aj\u0101 sp\u0113le var uzvar\u0113t ikviens \u2013 galvenais ir pla\u0161as zin\u0101\u0161anas un sp\u0113ja \u0101tri rea\u0123\u0113t. Latvija k\u013c\u016bs par 24. valsti, kur\u0101 tiks demonstr\u0113ts \u0161is no N\u012bderlandes n\u0101ku\u0161ais \u0161ova form\u0101ts, bet pats &#8220;THE FLOOR | P\u0101r\u0146em laukumu&#8221; k\u013c\u016bs par pirmo \u0161ovu, kur\u0101 <a href=\"https:\/\/sejas.tvnet.lv\/term\/558128\/emils-balceris\" class=\"topicLink\" target=\"_blank\" rel=\"nofollow noopener\">Em\u012bls Balceris<\/a> piem\u0113r\u012bs raid\u012bjuma vad\u012bt\u0101ja lomu.<\/p>\n<blockquote class=\"quote ck-widget\" contenteditable=\"false\">\n<p>&#8220;J\u016btos pagodin\u0101ts b\u016bt 24. vad\u012bt\u0101js pasaul\u0113, kas vada &#8220;THE FLOOR | P\u0101r\u0146em laukumu&#8221;!<\/p>\n<\/blockquote>\n<p>\u0160is man bija \u013coti labs izaicin\u0101jums, kura laik\u0101 guvu fantastisku pieredzi. T\u0101pat ar\u012b v\u0113los izcelt for\u0161o komunik\u0101ciju ar visiem dal\u012bbniekiem \u2013 vi\u0146i ir tie, kas nosaka, k\u0101da b\u016bs sp\u0113le, un vi\u0146i bija vienk\u0101r\u0161i lieliski! Esmu priec\u012bgs b\u016bt \u0161aj\u0101 projekt\u0101 un ar nepaciet\u012bbu gaidu, kad \u0161ovs nok\u013c\u016bs TV ekr\u0101nos, jo \u0161is ir lielisks erud\u012bcijas \u0161ovs. Grib\u0113tu pat teikt \u2013 lab\u0101kais, k\u0101ds bijis Latvij\u0101!&#8221; dal\u0101s &#8220;THE FLOOR | P\u0101r\u0146em laukumu&#8221; vad\u012bt\u0101js Em\u012bls Balceris.<\/p>\n<p>&#8220;THE FLOOR | P\u0101r\u0146em laukumu&#8221; sp\u0113li s\u0101k viens no dal\u012bbniekiem, kur\u0161 uz dueli izaicina k\u0101du no sev blakus eso\u0161ajiem sp\u0113l\u0113t\u0101jiem, izv\u0113loties vi\u0146a t\u0113mu, piem\u0113ram, &#8220;slaveni sportisti&#8221;, &#8220;latvie\u0161u aktieri&#8221; vai &#8220;karogi&#8221;.<\/p>\n<p>Duel\u012b katru jaut\u0101jumu ilustr\u0113 att\u0113ls, un dal\u012bbniekiem j\u0101nosauc tas, ko redz att\u0113l\u0101. Uzvar\u0113t\u0101js p\u0101r\u0146em pretinieka laukumu, bet zaud\u0113t\u0101js no sp\u0113les izst\u0101jas.<\/p>\n<p>Sp\u0113les m\u0113r\u0137is \u2013 soli pa solim p\u0101r\u0146emt visu laukumu, turpinot izaicin\u0101t un uzvar\u0113t. Sp\u0113l\u0113t\u0101js, kur\u0161 beig\u0101s kontrol\u0113 visu laukumu, m\u0101j\u0101s dodas ar galveno balvu.<\/p>\n","protected":false},"excerpt":{"rendered":"Viktor\u012bna &#8220;THE FLOOR | P\u0101r\u0146em laukumu&#8221; ir k\u013cuvusi par vienu no p\u0113d\u0113jo gadu v\u0113rien\u012bg\u0101kajiem telev\u012bzijas form\u0101tiem, sa\u0146emot vair\u0101kas&hellip;\n","protected":false},"author":2,"featured_media":102945,"comment_status":"","ping_status":"","sticky":false,"template":"","format":"standard","meta":{"footnotes":""},"categories":[19],"tags":[24926,89,90,35,39,38,36,37,34,40],"class_list":{"0":"post-102944","1":"post","2":"type-post","3":"status-publish","4":"format-standard","5":"has-post-thumbnail","7":"category-izklaide","8":"tag-emils-balceris","9":"tag-entertainment","10":"tag-izklaide","11":"tag-latvia","12":"tag-latvian","13":"tag-latviesu","14":"tag-latviesu-valoda","15":"tag-latviesuvaloda","16":"tag-latvija","17":"tag-lv"},"share_on_mastodon":{"url":"https:\/\/pubeurope.com\/@lv\/115887459819534609","error":""},"_links":{"self":[{"href":"https:\/\/www.europesays.com\/lv\/wp-json\/wp\/v2\/posts\/102944","targetHints":{"allow":["GET"]}}],"collection":[{"href":"https:\/\/www.europesays.com\/lv\/wp-json\/wp\/v2\/posts"}],"about":[{"href":"https:\/\/www.europesays.com\/lv\/wp-json\/wp\/v2\/types\/post"}],"author":[{"embeddable":true,"href":"https:\/\/www.europesays.com\/lv\/wp-json\/wp\/v2\/users\/2"}],"replies":[{"embeddable":true,"href":"https:\/\/www.europesays.com\/lv\/wp-json\/wp\/v2\/comments?post=102944"}],"version-history":[{"count":0,"href":"https:\/\/www.europesays.com\/lv\/wp-json\/wp\/v2\/posts\/102944\/revisions"}],"wp:featuredmedia":[{"embeddable":true,"href":"https:\/\/www.europesays.com\/lv\/wp-json\/wp\/v2\/media\/102945"}],"wp:attachment":[{"href":"https:\/\/www.europesays.com\/lv\/wp-json\/wp\/v2\/media?parent=102944"}],"wp:term":[{"taxonomy":"category","embeddable":true,"href":"https:\/\/www.europesays.com\/lv\/wp-json\/wp\/v2\/categories?post=102944"},{"taxonomy":"post_tag","embeddable":true,"href":"https:\/\/www.europesays.com\/lv\/wp-json\/wp\/v2\/tags?post=102944"}],"curies":[{"name":"wp","href":"https:\/\/api.w.org\/{rel}","templated":true}]}}