{"id":102951,"date":"2026-01-13T11:09:09","date_gmt":"2026-01-13T11:09:09","guid":{"rendered":"https:\/\/www.europesays.com\/lv\/102951\/"},"modified":"2026-01-13T11:09:09","modified_gmt":"2026-01-13T11:09:09","slug":"sovam-gimene-burka-pievienojas-jauni-dalibnieki-vinu-vidu-ari-muzikis-lauris-valters-bet-vairs-neredzesim-ugi-kugi","status":"publish","type":"post","link":"https:\/\/www.europesays.com\/lv\/102951\/","title":{"rendered":"\u0160ovam &#8220;\u0122imene burk\u0101&#8221; pievienojas jauni dal\u012bbnieki, vi\u0146u vid\u016b ar\u012b m\u016bzi\u0137is Lauris Valters. Bet vairs neredz\u0113sim U\u0123i Ku\u0123i&#8230;"},"content":{"rendered":"<p>S\u0101kot no 19. janv\u0101ra, no pirmdienas l\u012bdz tre\u0161dienai pulksten 17:55 satiecies ar jau iepaz\u012btajiem Karalkiniem un raid\u012bjuma ilggad\u0113jiem dal\u012bbniekiem Bindriem, k\u0101 ar\u012b iepaz\u012bsti \u0161\u012bs sezonas jaunpien\u0101c\u0113jus \u2013 Kohu \u0123imeni no Ropa\u017eu novada un Valterus no Lielv\u0101rdes! K\u0101 risin\u0101t b\u0113rnu un t\u012b\u0146u audzin\u0101\u0161anas probl\u0113mas, kas radu\u0161\u0101s stingr\u012bbas neesam\u012bbas un beznoteikumu re\u017e\u012bma d\u0113\u013c? K\u0101 nauda ietekm\u0113 attiec\u012bbu dinamiku un vai maci\u0146a tur\u0113t\u0101js vienm\u0113r ir ar\u012b boss m\u0101j\u0101s? Stipro sievie\u0161u l\u0101sts \u2013 vai sievietei ir j\u0101b\u016bt visu varo\u0161ai un daro\u0161ai? Un vai jebk\u0101da v\u012brie\u0161a kl\u0101tesam\u012bba patie\u0161\u0101m ir lab\u0101ka un v\u0113lam\u0101ka, nek\u0101 b\u016b\u0161ana vienai? \u0160os, k\u0101 ar\u012b citus jaut\u0101jumus \u0123imenes risin\u0101s raid\u012bjuma jaunaj\u0101 sezon\u0101, k\u0101 ar\u012b ska\u013c\u0101k\u0101s probl\u0113mas un konfliktus aci pret aci risin\u0101s katru ceturtdienu \u201cBurku studij\u0101!\u201d, tiekoties ar attiec\u012bbu treneri Kristapu Ozoli\u0146u.<\/p>\n","protected":false},"excerpt":{"rendered":"S\u0101kot no 19. janv\u0101ra, no pirmdienas l\u012bdz tre\u0161dienai pulksten 17:55 satiecies ar jau iepaz\u012btajiem Karalkiniem un raid\u012bjuma ilggad\u0113jiem&hellip;\n","protected":false},"author":2,"featured_media":102952,"comment_status":"","ping_status":"","sticky":false,"template":"","format":"standard","meta":{"footnotes":""},"categories":[19],"tags":[89,90,35,39,38,36,37,34,40],"class_list":{"0":"post-102951","1":"post","2":"type-post","3":"status-publish","4":"format-standard","5":"has-post-thumbnail","7":"category-izklaide","8":"tag-entertainment","9":"tag-izklaide","10":"tag-latvia","11":"tag-latvian","12":"tag-latviesu","13":"tag-latviesu-valoda","14":"tag-latviesuvaloda","15":"tag-latvija","16":"tag-lv"},"share_on_mastodon":{"url":"https:\/\/pubeurope.com\/@lv\/115887483551040634","error":""},"_links":{"self":[{"href":"https:\/\/www.europesays.com\/lv\/wp-json\/wp\/v2\/posts\/102951","targetHints":{"allow":["GET"]}}],"collection":[{"href":"https:\/\/www.europesays.com\/lv\/wp-json\/wp\/v2\/posts"}],"about":[{"href":"https:\/\/www.europesays.com\/lv\/wp-json\/wp\/v2\/types\/post"}],"author":[{"embeddable":true,"href":"https:\/\/www.europesays.com\/lv\/wp-json\/wp\/v2\/users\/2"}],"replies":[{"embeddable":true,"href":"https:\/\/www.europesays.com\/lv\/wp-json\/wp\/v2\/comments?post=102951"}],"version-history":[{"count":0,"href":"https:\/\/www.europesays.com\/lv\/wp-json\/wp\/v2\/posts\/102951\/revisions"}],"wp:featuredmedia":[{"embeddable":true,"href":"https:\/\/www.europesays.com\/lv\/wp-json\/wp\/v2\/media\/102952"}],"wp:attachment":[{"href":"https:\/\/www.europesays.com\/lv\/wp-json\/wp\/v2\/media?parent=102951"}],"wp:term":[{"taxonomy":"category","embeddable":true,"href":"https:\/\/www.europesays.com\/lv\/wp-json\/wp\/v2\/categories?post=102951"},{"taxonomy":"post_tag","embeddable":true,"href":"https:\/\/www.europesays.com\/lv\/wp-json\/wp\/v2\/tags?post=102951"}],"curies":[{"name":"wp","href":"https:\/\/api.w.org\/{rel}","templated":true}]}}