{"id":102953,"date":"2026-01-13T11:10:09","date_gmt":"2026-01-13T11:10:09","guid":{"rendered":"https:\/\/www.europesays.com\/lv\/102953\/"},"modified":"2026-01-13T11:10:09","modified_gmt":"2026-01-13T11:10:09","slug":"video-%e2%9f%a9-balinskis-asiste-un-labo-personisko-rekordu-siva-uzvara-laukuma-ari-vilmanis","status":"publish","type":"post","link":"https:\/\/www.europesays.com\/lv\/102953\/","title":{"rendered":"VIDEO \u27e9 Balinskis asist\u0113 un labo personisko rekordu s\u012bv\u0101 uzvar\u0101, laukum\u0101 ar\u012b Vilmanis"},"content":{"rendered":"<p>&#8220;Panthers&#8221; ar rezult\u0101tu 4:3 (2:1, 0:1, 2:1) p\u0101rsp\u0113ja Bufalo &#8220;Sabres&#8221;.<\/p>\n<p>Balinskis sp\u0113l\u0113ja 22 min\u016btes un 19 sekundes, otro ma\u010du p\u0113c k\u0101rtas uzlabojot savu sp\u0113les laika rekordu <a href=\"https:\/\/www.apollo.lv\/term\/10077\/nhl\" class=\"topicLink\" target=\"_blank\" rel=\"nofollow noopener\">NHL<\/a>. Latvie\u0161u aizsargs zaud\u0113ja vienu ripu, bet vi\u0146a lietder\u012bbas koeficients bija pozit\u012bvs +2.<\/p>\n<blockquote class=\"twitter-tweet\" data-media-max-width=\"560\">\n<p lang=\"lv\" dir=\"ltr\">Pirm\u0101 vair\u0101kuma speci\u0101lists Uvis Balinskis nopelna rezultat\u012bvu piesp\u0113li &#8220;Panthers&#8221; uzvar\u0101! \ud83c\uddf1\ud83c\uddfb\ud83c\uddf1\ud83c\uddfb\ud83c\uddf1\ud83c\uddfb <a target=\"_blank\" rel=\"noopener noreferrer nofollow\" href=\"https:\/\/t.co\/yCLpdFlcXR\">pic.twitter.com\/yCLpdFlcXR<\/a><\/p>\n<p>\u2014 NHL Latvija (@Latvija_NHL) <a target=\"_blank\" rel=\"noopener noreferrer nofollow\" href=\"https:\/\/twitter.com\/Latvija_NHL\/status\/2010939477095547390?ref_src=twsrc%5Etfw\">January 13, 2026<\/a><\/p>\n<\/blockquote>\n<p>Vilmanis sav\u0101 karjeras otraj\u0101 NHL ma\u010d\u0101 sp\u0113l\u0113ja 12 min\u016btes un tr\u012bs sekundes, divreiz meta pa v\u0101rtiem un pielietoja tr\u012bs sp\u0113ka pa\u0146\u0113mienus. Vi\u0146a lietder\u012bbas koeficients bija neitr\u0101ls.<\/p>\n<p>Ma\u010da tre\u0161aj\u0101 min\u016bt\u0113 p\u0113c Balinska metiena no distances Sems Reinh\u0101rts main\u012bja ripas lidojuma virzienu un pan\u0101ca 1:0 &#8220;Panthers&#8221; lab\u0101. Balinskim t\u0101 bija sept\u012bt\u0101 rezultat\u012bv\u0101 piesp\u0113le \u0161aj\u0101 sezon\u0101, 36 ma\u010dos izce\u013coties ar\u012b ar vieniem g\u016btiem v\u0101rtiem.<\/p>\n<p>Balinskis uz ledus bija ar\u012b Entonija D\u017eona Gr\u012bra divos g\u016btajos v\u0101rtos. T\u0101pat &#8220;Panthers&#8221; komand\u0101 v\u0101rtus guva Antons Lundels.<\/p>\n<p>Bufalo vien\u012bb\u0101 v\u0101rtus guva D\u017eeikobs Braisons, Zeks Bensons un Alekss Taks.<\/p>\n<p>Austrumu konferences kopv\u0113rt\u0113jum\u0101 &#8220;Panthers&#8221; ar 51 punktu 45 sp\u0113l\u0113s ie\u0146em 12. vietu. &#8220;Sabres&#8221; ar 52 punktiem 44 ma\u010dos ir sestaj\u0101 viet\u0101 \u0161aj\u0101 pa\u0161\u0101 konferenc\u0113.<\/p>\n<p><script async src=\"https:\/\/platform.twitter.com\/widgets.js\" charset=\"utf-8\"><\/script><\/p>\n","protected":false},"excerpt":{"rendered":"&#8220;Panthers&#8221; ar rezult\u0101tu 4:3 (2:1, 0:1, 2:1) p\u0101rsp\u0113ja Bufalo &#8220;Sabres&#8221;. Balinskis sp\u0113l\u0113ja 22 min\u016btes un 19 sekundes, otro&hellip;\n","protected":false},"author":2,"featured_media":102954,"comment_status":"","ping_status":"","sticky":false,"template":"","format":"standard","meta":{"footnotes":""},"categories":[17],"tags":[836,838,394,35,39,38,36,37,34,40,835,422,67,4672],"class_list":{"0":"post-102953","1":"post","2":"type-post","3":"status-publish","4":"format-standard","5":"has-post-thumbnail","7":"category-sports","8":"tag-hokeja-jaunumi","9":"tag-hokejisti-arzemes","10":"tag-hokejs","11":"tag-latvia","12":"tag-latvian","13":"tag-latviesu","14":"tag-latviesu-valoda","15":"tag-latviesuvaloda","16":"tag-latvija","17":"tag-lv","18":"tag-nhl","19":"tag-sandis-vilmanis","20":"tag-sports","21":"tag-uvis-janis-balinskis"},"share_on_mastodon":{"url":"https:\/\/pubeurope.com\/@lv\/115887487245881262","error":""},"_links":{"self":[{"href":"https:\/\/www.europesays.com\/lv\/wp-json\/wp\/v2\/posts\/102953","targetHints":{"allow":["GET"]}}],"collection":[{"href":"https:\/\/www.europesays.com\/lv\/wp-json\/wp\/v2\/posts"}],"about":[{"href":"https:\/\/www.europesays.com\/lv\/wp-json\/wp\/v2\/types\/post"}],"author":[{"embeddable":true,"href":"https:\/\/www.europesays.com\/lv\/wp-json\/wp\/v2\/users\/2"}],"replies":[{"embeddable":true,"href":"https:\/\/www.europesays.com\/lv\/wp-json\/wp\/v2\/comments?post=102953"}],"version-history":[{"count":0,"href":"https:\/\/www.europesays.com\/lv\/wp-json\/wp\/v2\/posts\/102953\/revisions"}],"wp:featuredmedia":[{"embeddable":true,"href":"https:\/\/www.europesays.com\/lv\/wp-json\/wp\/v2\/media\/102954"}],"wp:attachment":[{"href":"https:\/\/www.europesays.com\/lv\/wp-json\/wp\/v2\/media?parent=102953"}],"wp:term":[{"taxonomy":"category","embeddable":true,"href":"https:\/\/www.europesays.com\/lv\/wp-json\/wp\/v2\/categories?post=102953"},{"taxonomy":"post_tag","embeddable":true,"href":"https:\/\/www.europesays.com\/lv\/wp-json\/wp\/v2\/tags?post=102953"}],"curies":[{"name":"wp","href":"https:\/\/api.w.org\/{rel}","templated":true}]}}