{"id":102958,"date":"2026-01-13T11:17:07","date_gmt":"2026-01-13T11:17:07","guid":{"rendered":"https:\/\/www.europesays.com\/lv\/102958\/"},"modified":"2026-01-13T11:17:07","modified_gmt":"2026-01-13T11:17:07","slug":"heineken-vaditajs-negaiditi-pazino-par-atkapsanos-no-amata-raksts","status":"publish","type":"post","link":"https:\/\/www.europesays.com\/lv\/102958\/","title":{"rendered":"\u00abHeineken\u00bb vad\u012bt\u0101js negaid\u012bti pazi\u0146o par atk\u0101p\u0161anos no amata \/ Raksts"},"content":{"rendered":"<p>N\u012bderlandes alus ra\u017eot\u0101ja &#8220;Heineken&#8221; izpilddirektors Dolfs van den Brinks negaid\u012bti pazi\u0146ojis par atk\u0101p\u0161anos no amata laik\u0101, kad uz\u0146\u0113mums saskaras ar tirdzniec\u012bbas apjoma kritumu un veic darbavietu likvid\u0113\u0161anu.\u00a0<\/p>\n<p>P\u0113c teju se\u0161iem gadiem izpilddirektora amat\u0101 van den Brinks to pamet\u012bs 31. maij\u0101.\u00a0<\/p>\n<p>&#8220;Uzskatu, ka pien\u0101cis \u012bstais br\u012bdis,&#8221; sac\u012bja 52 gadus vecais van den Brinks.\u00a0<\/p>\n<p>&#8220;Heineken&#8221; ar vad\u012bbas mai\u0146u saskaras sare\u017e\u0123\u012bt\u0101 br\u012bd\u012b, \u0146emot v\u0113r\u0101 straujo alus tirdzniec\u012bbas apjoma kritumu. T\u0101pat uz\u0146\u0113mums oktobr\u012b pazi\u0146oja, ka saist\u012bb\u0101 ar galven\u0101 p\u0101rvaldes biroja reorganiz\u0101ciju Amsterdam\u0101 likvid\u0113 vai p\u0101rce\u013c 400 darbavietas.\u00a0<\/p>\n<p>&#8220;Heineken&#8221; ir pasaul\u0113 otrais liel\u0101kais alus ra\u017eot\u0101js, kas ra\u017eo un p\u0101rdod vair\u0101k nek\u0101 300 z\u012bmolu alu un sidru.<\/p>\n<p>                    Valodas k\u013c\u016bda rakst\u0101?<\/p>\n<p class=\"d-none d-md-block\">Iez\u012bm\u0113jiet tekstu un spiediet Ctrl+Enter, lai nos\u016bt\u012btu labojamo teksta fragmentu redaktoram! Par faktu k\u013c\u016bd\u0101m l\u016bdzam zi\u0146ot e-past\u0101 <a href=\"https:\/\/www.lsm.lv\/cdn-cgi\/l\/email-protection\" class=\"__cf_email__\" data-cfemail=\"24564140454f474d4e45644857490a4852\" rel=\"nofollow noopener\" target=\"_blank\">[email\u00a0protected]<\/a>.<\/p>\n<p class=\"d-md-none\">Iez\u012bm\u0113jiet tekstu un spiediet uz Zi\u0146ot par k\u013c\u016bdu pogas, lai nos\u016bt\u012btu labojamo teksta fragmentu redaktoram!<\/p>\n<p>\n                    Zi\u0146ot par k\u013c\u016bdu\n                <\/p>\n","protected":false},"excerpt":{"rendered":"N\u012bderlandes alus ra\u017eot\u0101ja &#8220;Heineken&#8221; izpilddirektors Dolfs van den Brinks negaid\u012bti pazi\u0146ojis par atk\u0101p\u0161anos no amata laik\u0101, kad uz\u0146\u0113mums&hellip;\n","protected":false},"author":2,"featured_media":102959,"comment_status":"","ping_status":"","sticky":false,"template":"","format":"standard","meta":{"footnotes":""},"categories":[16],"tags":[77,76,35,39,38,36,37,34,40],"class_list":{"0":"post-102958","1":"post","2":"type-post","3":"status-publish","4":"format-standard","5":"has-post-thumbnail","7":"category-bizness","8":"tag-bizness","9":"tag-business","10":"tag-latvia","11":"tag-latvian","12":"tag-latviesu","13":"tag-latviesu-valoda","14":"tag-latviesuvaloda","15":"tag-latvija","16":"tag-lv"},"share_on_mastodon":{"url":"https:\/\/pubeurope.com\/@lv\/115887514754001305","error":""},"_links":{"self":[{"href":"https:\/\/www.europesays.com\/lv\/wp-json\/wp\/v2\/posts\/102958","targetHints":{"allow":["GET"]}}],"collection":[{"href":"https:\/\/www.europesays.com\/lv\/wp-json\/wp\/v2\/posts"}],"about":[{"href":"https:\/\/www.europesays.com\/lv\/wp-json\/wp\/v2\/types\/post"}],"author":[{"embeddable":true,"href":"https:\/\/www.europesays.com\/lv\/wp-json\/wp\/v2\/users\/2"}],"replies":[{"embeddable":true,"href":"https:\/\/www.europesays.com\/lv\/wp-json\/wp\/v2\/comments?post=102958"}],"version-history":[{"count":0,"href":"https:\/\/www.europesays.com\/lv\/wp-json\/wp\/v2\/posts\/102958\/revisions"}],"wp:featuredmedia":[{"embeddable":true,"href":"https:\/\/www.europesays.com\/lv\/wp-json\/wp\/v2\/media\/102959"}],"wp:attachment":[{"href":"https:\/\/www.europesays.com\/lv\/wp-json\/wp\/v2\/media?parent=102958"}],"wp:term":[{"taxonomy":"category","embeddable":true,"href":"https:\/\/www.europesays.com\/lv\/wp-json\/wp\/v2\/categories?post=102958"},{"taxonomy":"post_tag","embeddable":true,"href":"https:\/\/www.europesays.com\/lv\/wp-json\/wp\/v2\/tags?post=102958"}],"curies":[{"name":"wp","href":"https:\/\/api.w.org\/{rel}","templated":true}]}}