{"id":102962,"date":"2026-01-13T11:20:07","date_gmt":"2026-01-13T11:20:07","guid":{"rendered":"https:\/\/www.europesays.com\/lv\/102962\/"},"modified":"2026-01-13T11:20:07","modified_gmt":"2026-01-13T11:20:07","slug":"arta-skuja-un-talis-eipurs-zaude-darbu-televizija","status":"publish","type":"post","link":"https:\/\/www.europesays.com\/lv\/102962\/","title":{"rendered":"Arta Skuja un T\u0101lis Eipurs zaud\u0113 darbu telev\u012bzij\u0101"},"content":{"rendered":"<p>Kop\u0101 ar Skuju no kan\u0101la &#8220;360&#8221; ekr\u0101niem paz\u016bd\u00a0\u017eurn\u0101lists T\u0101lis Eipurs, ar ko darba attiec\u012bbas netiekot turpin\u0101tas. Eipurs \u0161aj\u0101 telev\u012bzij\u0101 str\u0101d\u0101ja kop\u0161 2024. gada rudens, kad p\u0101rg\u0101ja no &#8220;TV3&#8221; r\u012bta zi\u0146u raid\u012bjuma &#8220;900 sekundes&#8221;. &#8220;Atlai\u0161ana mani piemekl\u0113jusi pirmo reizi m\u016b\u017e\u0101, un emocion\u0101li es nebiju tai gatavs,&#8221; \u017eurn\u0101lam atzinis T\u0101lis, kas ar\u012b vienlaikus str\u0101d\u0101ja Latvijas Radio, jau kop\u0161 1997. gada.<\/p>\n","protected":false},"excerpt":{"rendered":"Kop\u0101 ar Skuju no kan\u0101la &#8220;360&#8221; ekr\u0101niem paz\u016bd\u00a0\u017eurn\u0101lists T\u0101lis Eipurs, ar ko darba attiec\u012bbas netiekot turpin\u0101tas. Eipurs \u0161aj\u0101&hellip;\n","protected":false},"author":2,"featured_media":102963,"comment_status":"","ping_status":"","sticky":false,"template":"","format":"standard","meta":{"footnotes":""},"categories":[5],"tags":[23,28,29,32,33,22,30,31,35,39,38,36,37,34,40,20,26,27,24,25,21],"class_list":{"0":"post-102962","1":"post","2":"type-post","3":"status-publish","4":"format-standard","5":"has-post-thumbnail","7":"category-aktualitates","8":"tag-aktualitates","9":"tag-breaking-news","10":"tag-breakingnews","11":"tag-featured-news","12":"tag-featurednews","13":"tag-headlines","14":"tag-latest-news","15":"tag-latestnews","16":"tag-latvia","17":"tag-latvian","18":"tag-latviesu","19":"tag-latviesu-valoda","20":"tag-latviesuvaloda","21":"tag-latvija","22":"tag-lv","23":"tag-news","24":"tag-popularakas-zinas","25":"tag-popularakaszinas","26":"tag-top-stories","27":"tag-topstories","28":"tag-zinas"},"share_on_mastodon":{"url":"https:\/\/pubeurope.com\/@lv\/115887526574220174","error":""},"_links":{"self":[{"href":"https:\/\/www.europesays.com\/lv\/wp-json\/wp\/v2\/posts\/102962","targetHints":{"allow":["GET"]}}],"collection":[{"href":"https:\/\/www.europesays.com\/lv\/wp-json\/wp\/v2\/posts"}],"about":[{"href":"https:\/\/www.europesays.com\/lv\/wp-json\/wp\/v2\/types\/post"}],"author":[{"embeddable":true,"href":"https:\/\/www.europesays.com\/lv\/wp-json\/wp\/v2\/users\/2"}],"replies":[{"embeddable":true,"href":"https:\/\/www.europesays.com\/lv\/wp-json\/wp\/v2\/comments?post=102962"}],"version-history":[{"count":0,"href":"https:\/\/www.europesays.com\/lv\/wp-json\/wp\/v2\/posts\/102962\/revisions"}],"wp:featuredmedia":[{"embeddable":true,"href":"https:\/\/www.europesays.com\/lv\/wp-json\/wp\/v2\/media\/102963"}],"wp:attachment":[{"href":"https:\/\/www.europesays.com\/lv\/wp-json\/wp\/v2\/media?parent=102962"}],"wp:term":[{"taxonomy":"category","embeddable":true,"href":"https:\/\/www.europesays.com\/lv\/wp-json\/wp\/v2\/categories?post=102962"},{"taxonomy":"post_tag","embeddable":true,"href":"https:\/\/www.europesays.com\/lv\/wp-json\/wp\/v2\/tags?post=102962"}],"curies":[{"name":"wp","href":"https:\/\/api.w.org\/{rel}","templated":true}]}}