{"id":102973,"date":"2026-01-13T11:30:07","date_gmt":"2026-01-13T11:30:07","guid":{"rendered":"https:\/\/www.europesays.com\/lv\/102973\/"},"modified":"2026-01-13T11:30:07","modified_gmt":"2026-01-13T11:30:07","slug":"tramps-zelenskim-nav-trumpju-tikai-ceriba-uz-trampu","status":"publish","type":"post","link":"https:\/\/www.europesays.com\/lv\/102973\/","title":{"rendered":"Tramps: Zelenskim nav trumpju \u2013 tikai cer\u012bba uz Trampu"},"content":{"rendered":"<p class=\"descr\">Run\u0101jot par centieniem izbeigt Krievijas karu pret Ukrainu, ASV prezidents Donalds Tramps pazi\u0146oja, ka Ukrainas prezidentam Volodimiram Zelenskim &#8220;nav trumpju&#8221; un ka vi\u0146a vien\u012bg\u0101 cer\u012bba ir pats Tramps, raksta \u201cThe New York Times\u201d.<\/p>\n<p>&#8220;Vi\u0146am nav trumpju. Vi\u0146am nav biju\u0161i nek\u0101di trumpji kop\u0161 pirm\u0101s dienas. \u0160obr\u012bd vi\u0146am ir tikai viena lieta: Donalds Tramps,&#8221; Tramps sac\u012bja intervij\u0101 laikrakstam.<\/p>\n<p>Vi\u0146\u0161 piebilda, ka &#8220;ja vi\u0146am neb\u016bs Donalda Trampa, t\u0101 b\u016bs piln\u012bga katastrofa, un vi\u0146\u0161 to zina, un Eiropas l\u012bderi to zina, un visi to zina.&#8221;<\/p>\n<p>Atbildot uz jaut\u0101jumu par miera sarun\u0101m, Tramps uzsv\u0113ra, ka nav noteikta grafika vai datuma, l\u012bdz kuram miers ir j\u0101pan\u0101k.<\/p>\n<p>&#8220;M\u0113s dar\u0101m visu, ko varam. Man nav grafika. Ja es neb\u016btu iesaist\u012bjies, tas var\u0113ja p\u0101raugt Tre\u0161aj\u0101 pasaules kar\u0101. Viss norit\u0113ja \u013coti slikti, \u013coti slikti. Tas vairs neatk\u0101rtosies,&#8221; vi\u0146\u0161 piebilda.<\/p>\n<p>Tramps ar\u012b pauda p\u0101rliec\u012bbu, ka abas puses tagad <a href=\"https:\/\/nra.lv\/pasaule\/507235-ukrainas-eksperti-kritize-trampa-miera-planu-analize-un-viedokli.htm\" data-item-link=\"true\" data-item-id=\"507235\" rel=\"nofollow noopener\" target=\"_blank\">ir gatavas nosl\u0113gt vieno\u0161anos.<\/a><\/p>\n<p>&#8220;Bija br\u012b\u017ei, kad es nosl\u0113dzu dar\u012bjumu ar Putinu, bet Zelenskis nev\u0113l\u0113j\u0101s sl\u0113gt dar\u012bjumu, kas mani \u0161ok\u0113ja. J\u016bs redz\u0113j\u0101t nelielu piem\u0113ru tad, kad m\u0113s s\u0113d\u0113j\u0101m \u0161eit, Ov\u0101laj\u0101 kabinet\u0101. Tad bija br\u012b\u017ei, kad bija otr\u0101d\u0101k. Es dom\u0101ju, ka tagad vi\u0146i abi v\u0113las nosl\u0113gt dar\u012bjumu,&#8221; sac\u012bja ASV prezidents.<\/p>\n<p>\t\t\t\t\t\tinfo<\/p>\n<p>Uzzini pirmais<br \/>kas interesants noticis Latvij\u0101 un pasaul\u0113,<br \/>pievienojoties mums <a href=\"https:\/\/t.me\/neatkariga\" rel=\"nofollow\">Telegram<\/a> vai <a href=\"https:\/\/whatsapp.com\/channel\/0029VaMLFUH5K3zLU5s4wm3y\" rel=\"nofollow noopener\" target=\"_blank\">Whatsapp<\/a> kan\u0101l\u0101<\/p>\n","protected":false},"excerpt":{"rendered":"Run\u0101jot par centieniem izbeigt Krievijas karu pret Ukrainu, ASV prezidents Donalds Tramps pazi\u0146oja, ka Ukrainas prezidentam Volodimiram Zelenskim&hellip;\n","protected":false},"author":2,"featured_media":102974,"comment_status":"","ping_status":"","sticky":false,"template":"","format":"standard","meta":{"footnotes":""},"categories":[14],"tags":[23,57,28,29,32,33,22,30,31,35,39,38,36,37,34,40,20,26,27,24,25,54,55,56,21,58],"class_list":{"0":"post-102973","1":"post","2":"type-post","3":"status-publish","4":"format-standard","5":"has-post-thumbnail","7":"category-zinas-no-arvalstim","8":"tag-aktualitates","9":"tag-arvalstim","10":"tag-breaking-news","11":"tag-breakingnews","12":"tag-featured-news","13":"tag-featurednews","14":"tag-headlines","15":"tag-latest-news","16":"tag-latestnews","17":"tag-latvia","18":"tag-latvian","19":"tag-latviesu","20":"tag-latviesu-valoda","21":"tag-latviesuvaloda","22":"tag-latvija","23":"tag-lv","24":"tag-news","25":"tag-popularakas-zinas","26":"tag-popularakaszinas","27":"tag-top-stories","28":"tag-topstories","29":"tag-world","30":"tag-world-news","31":"tag-worldnews","32":"tag-zinas","33":"tag-zinas-no-arvalstim"},"share_on_mastodon":{"url":"https:\/\/pubeurope.com\/@lv\/115887565883014026","error":""},"_links":{"self":[{"href":"https:\/\/www.europesays.com\/lv\/wp-json\/wp\/v2\/posts\/102973","targetHints":{"allow":["GET"]}}],"collection":[{"href":"https:\/\/www.europesays.com\/lv\/wp-json\/wp\/v2\/posts"}],"about":[{"href":"https:\/\/www.europesays.com\/lv\/wp-json\/wp\/v2\/types\/post"}],"author":[{"embeddable":true,"href":"https:\/\/www.europesays.com\/lv\/wp-json\/wp\/v2\/users\/2"}],"replies":[{"embeddable":true,"href":"https:\/\/www.europesays.com\/lv\/wp-json\/wp\/v2\/comments?post=102973"}],"version-history":[{"count":0,"href":"https:\/\/www.europesays.com\/lv\/wp-json\/wp\/v2\/posts\/102973\/revisions"}],"wp:featuredmedia":[{"embeddable":true,"href":"https:\/\/www.europesays.com\/lv\/wp-json\/wp\/v2\/media\/102974"}],"wp:attachment":[{"href":"https:\/\/www.europesays.com\/lv\/wp-json\/wp\/v2\/media?parent=102973"}],"wp:term":[{"taxonomy":"category","embeddable":true,"href":"https:\/\/www.europesays.com\/lv\/wp-json\/wp\/v2\/categories?post=102973"},{"taxonomy":"post_tag","embeddable":true,"href":"https:\/\/www.europesays.com\/lv\/wp-json\/wp\/v2\/tags?post=102973"}],"curies":[{"name":"wp","href":"https:\/\/api.w.org\/{rel}","templated":true}]}}