{"id":102975,"date":"2026-01-13T11:32:10","date_gmt":"2026-01-13T11:32:10","guid":{"rendered":"https:\/\/www.europesays.com\/lv\/102975\/"},"modified":"2026-01-13T11:32:10","modified_gmt":"2026-01-13T11:32:10","slug":"iespeja-apskatit-demo-dzivokli-jaunajas-majas","status":"publish","type":"post","link":"https:\/\/www.europesays.com\/lv\/102975\/","title":{"rendered":"Iesp\u0113ja apskat\u012bt demo dz\u012bvokli jaunaj\u0101s m\u0101j\u0101s"},"content":{"rendered":"<p>Sestdien,17. janv\u0101r\u012b, interesentiem b\u016bs iesp\u0113ja apskat\u012bt demo dz\u012bvokli jaunaj\u0101 \u012bres m\u0101jok\u013cu projekt\u0101 Ventspil\u012b, Saules iel\u0101 122.<\/p>\n<p>Ar Att\u012bst\u012bbas finan\u0161u instit\u016bcijas \u201cALTUM\u201d atbalstu, izmantojot Eiropas Savien\u012bbas Atvese\u013co\u0161anas fonda programmas aizdevumu, l\u012bdz 2026. gada vasarai Ventspil\u012b, Saules iel\u0101 122, pl\u0101nots uzb\u016bv\u0113t divas piecst\u0101vu daudzdz\u012bvok\u013cu m\u0101jas ar kopum\u0101 60 \u012bres dz\u012bvok\u013ciem \u2013 2 vienistabas, 20 divistabu un 38 tr\u012bsistabu. Lai potenci\u0101lie dz\u012bvok\u013cu \u012brnieki, kuri jau pieteiku\u0161ies vai apsver pieteik\u0161anos jauno \u012bres dz\u012bvok\u013cu rind\u0101, var\u0113tu kl\u0101tien\u0113 apskat\u012bties, k\u0101 izskat\u012bsies un var\u0113tu tikt iek\u0101rtots dz\u012bvoklis jaunaj\u0101 projekt\u0101, viens no pirm\u0101 st\u0101va tr\u012bsistabu dz\u012bvok\u013ciem ir izb\u016bv\u0113ts k\u0101 demo dz\u012bvoklis \u2013 ar m\u0113bel\u0113m, sadz\u012bves tehniku un interjera elementiem.<\/p>\n<p>Iesp\u0113ju apskat\u012bt demo dz\u012bvokli pag\u0101ju\u0161\u0101 gada decembr\u012b jau izmantoja 56 \u0123imenes. Interesenti, kuri v\u0113l nav to paguvu\u0161i, demo dz\u012bvokli var\u0113s apskat\u012bt ar\u012b \u0161o sestdien, 17. janv\u0101r\u012b, laika posm\u0101 no plkst. 13 l\u012bdz 17. Dz\u012bvok\u013ca apskatei atv\u0113l\u0113tais laiks b\u016bs 15 min\u016btes. Iepriek\u0161 nepiecie\u0161ams pieteikties, klik\u0161\u0137inot <a href=\"https:\/\/form.jotform.com\/253481980835063?fbclid=IwZXh0bgNhZW0CMTAAYnJpZBEwWXdMblJyU1Naa2M0dkdmSHNydGMGYXBwX2lkEDIyMjAzOTE3ODgyMDA4OTIAAR6HI_zGoZLMwZ4va6X6W1YTfkw4qc9YxmvvHnO0YSPEA72s8x9uim4uSRoxWA_aem_LqN5Lyp1dNUOCo3m6a_W6Q\" rel=\"nofollow noopener\" target=\"_blank\">\u0160EIT<\/a> un rezerv\u0113jot apskates laiku.<\/p>\n<p>Pieteik\u0161an\u0101s jauno dz\u012bvok\u013cu \u012bres rindai tika atv\u0113rta 2025. gada oktobr\u012b. Pla\u0161\u0101ka inform\u0101cija par jauno \u012bres m\u0101jok\u013cu projektu \u2013 m\u0101jaslapas www.vni-ventspils.lv sada\u013c\u0101 <a href=\"https:\/\/www.vni-ventspils.lv\/saules-ielas-ires-nami\/\" rel=\"nofollow noopener\" target=\"_blank\">\u201cSaules m\u0101jas\u201d.<\/a><\/p>\n<p>Projekta \u201c\u012ares m\u0101jok\u013cu b\u016bvniec\u012bba Saules iel\u0101 122, Ventspil\u012b\u201d kop\u0113j\u0101s pl\u0101not\u0101s izmaksas ir 6 270 945,00 EUR, no t\u0101m nekustam\u0101 \u012bpa\u0161uma att\u012bst\u012bt\u0101ja PSIA \u201cVentspils nekustamie \u012bpa\u0161umi\u201d ieguld\u012bjums ir 288 495,00 EUR un \u201cAltum\u201d aizdevums 5 982 450,00 EUR. P\u0113c projekta realiz\u0101cijas projekta att\u012bst\u012bt\u0101js var\u0113s sa\u0146emt papildu kapit\u0101la atlaidi l\u012bdz 1,48 miljoniem eiro, kas tiks pie\u0161\u0137irta p\u0113c dz\u012bvok\u013cu iz\u012br\u0113\u0161anas. Papildus pieejams ar\u012b pa\u0161vald\u012bbas l\u012bdzfinans\u0113jums 340 025,00 EUR apm\u0113r\u0101.<\/p>\n","protected":false},"excerpt":{"rendered":"Sestdien,17. janv\u0101r\u012b, interesentiem b\u016bs iesp\u0113ja apskat\u012bt demo dz\u012bvokli jaunaj\u0101 \u012bres m\u0101jok\u013cu projekt\u0101 Ventspil\u012b, Saules iel\u0101 122. Ar Att\u012bst\u012bbas&hellip;\n","protected":false},"author":2,"featured_media":102976,"comment_status":"","ping_status":"","sticky":false,"template":"","format":"standard","meta":{"footnotes":""},"categories":[5],"tags":[23,28,29,32,33,22,30,31,35,39,38,36,37,34,40,20,26,27,24,25,21],"class_list":{"0":"post-102975","1":"post","2":"type-post","3":"status-publish","4":"format-standard","5":"has-post-thumbnail","7":"category-aktualitates","8":"tag-aktualitates","9":"tag-breaking-news","10":"tag-breakingnews","11":"tag-featured-news","12":"tag-featurednews","13":"tag-headlines","14":"tag-latest-news","15":"tag-latestnews","16":"tag-latvia","17":"tag-latvian","18":"tag-latviesu","19":"tag-latviesu-valoda","20":"tag-latviesuvaloda","21":"tag-latvija","22":"tag-lv","23":"tag-news","24":"tag-popularakas-zinas","25":"tag-popularakaszinas","26":"tag-top-stories","27":"tag-topstories","28":"tag-zinas"},"share_on_mastodon":{"url":"https:\/\/pubeurope.com\/@lv\/115887573754787514","error":""},"_links":{"self":[{"href":"https:\/\/www.europesays.com\/lv\/wp-json\/wp\/v2\/posts\/102975","targetHints":{"allow":["GET"]}}],"collection":[{"href":"https:\/\/www.europesays.com\/lv\/wp-json\/wp\/v2\/posts"}],"about":[{"href":"https:\/\/www.europesays.com\/lv\/wp-json\/wp\/v2\/types\/post"}],"author":[{"embeddable":true,"href":"https:\/\/www.europesays.com\/lv\/wp-json\/wp\/v2\/users\/2"}],"replies":[{"embeddable":true,"href":"https:\/\/www.europesays.com\/lv\/wp-json\/wp\/v2\/comments?post=102975"}],"version-history":[{"count":0,"href":"https:\/\/www.europesays.com\/lv\/wp-json\/wp\/v2\/posts\/102975\/revisions"}],"wp:featuredmedia":[{"embeddable":true,"href":"https:\/\/www.europesays.com\/lv\/wp-json\/wp\/v2\/media\/102976"}],"wp:attachment":[{"href":"https:\/\/www.europesays.com\/lv\/wp-json\/wp\/v2\/media?parent=102975"}],"wp:term":[{"taxonomy":"category","embeddable":true,"href":"https:\/\/www.europesays.com\/lv\/wp-json\/wp\/v2\/categories?post=102975"},{"taxonomy":"post_tag","embeddable":true,"href":"https:\/\/www.europesays.com\/lv\/wp-json\/wp\/v2\/tags?post=102975"}],"curies":[{"name":"wp","href":"https:\/\/api.w.org\/{rel}","templated":true}]}}