{"id":102977,"date":"2026-01-13T11:34:12","date_gmt":"2026-01-13T11:34:12","guid":{"rendered":"https:\/\/www.europesays.com\/lv\/102977\/"},"modified":"2026-01-13T11:34:12","modified_gmt":"2026-01-13T11:34:12","slug":"latvijas-bobsleja-ekipazas-kalendas-un-grantina-ienem-14-un-20-vietu-pasaules-kausa-posma-sanktmorica-lente-lv","status":"publish","type":"post","link":"https:\/\/www.europesays.com\/lv\/102977\/","title":{"rendered":"Latvijas bobsleja ekip\u0101\u017eas Kalendas un Granti\u0146a ie\u0146em 14. un 20. vietu Pasaules kausa posm\u0101 Sanktmoric\u0101\u00a0\u2014\u00a0Lente.lv"},"content":{"rendered":"<p>Latvijas ekip\u0101\u017eu sniegums Sanktmoricas tras\u0113<\/p>\n<p>Sv\u0113tdien Sanktmoric\u0101, \u0160veic\u0113, notiku\u0161aj\u0101 IBSF Pasaules kausa sestaj\u0101 posm\u0101 bobslej\u0101, kas vienlaikus bija ar\u012b Eiropas \u010dempion\u0101ts, Latvijas pilotu J\u0113kaba Kalendas un Ren\u0101ra Granti\u0146a \u010detrinieku ekip\u0101\u017eas ie\u0146\u0113ma attiec\u012bgi 14. un 20. vietu. K\u0101 inform\u0113 port\u0101ls jauns.lv, Eiropas \u010dempion\u0101ta ieskait\u0113 Kalendas ekip\u0101\u017eai t\u0101 bija 13. poz\u012bcija, bet Granti\u0146a kvartetam \u2013 16. vieta.<\/p>\n<p>Kalendas ekip\u0101\u017ea pak\u0101pjas otraj\u0101 braucien\u0101<\/p>\n<p>J\u0113kaba Kalendas ekip\u0101\u017ea, kuras sast\u0101v\u0101 bija st\u016bm\u0113ji Lauris Kaufmanis, Mat\u012bss Miknis un Arnis Bebri\u0161s, pirmaj\u0101 braucien\u0101 uzr\u0101d\u012bja 16. rezult\u0101tu. Otraj\u0101 braucien\u0101 izdev\u0101s veikt veiksm\u012bg\u0101ku sniegumu, \u013caujot kopv\u0113rt\u0113jum\u0101 pak\u0101pties uz 14. poz\u012bciju. Vi\u0146u starts bija 9. \u0101tr\u0101kais, ta\u010du iz\u0161\u0137iro\u0161aj\u0101s trases vir\u0101\u017e\u0101s tika zaud\u0113ts v\u0113rt\u012bgais pa\u0101trin\u0101jums.<\/p>\n<p>Granti\u0146a ekip\u0101\u017ea saskaras ar gr\u016bt\u012bb\u0101m<\/p>\n<p>Ren\u0101ra Granti\u0146a un vi\u0146a st\u016bm\u0113ju Edgara Nemmes, D\u0101vja Kaufma\u0146a un Mairis K\u013cavas starts pirmaj\u0101 braucien\u0101 nebija veiksm\u012bgs, ieg\u016bstot 20. vietu. Lai gan otraj\u0101 braucien\u0101 izdev\u0101s uzlabot sniegumu trases beigu da\u013c\u0101, kopv\u0113rt\u0113jum\u0101 augst\u0101k pak\u0101pties neizdev\u0101s. Interesanti, ka Edgars Ungurs, kur\u0161 s\u0101kotn\u0113ji bija paredz\u0113ts k\u0101 viens no st\u016bm\u0113jiem, nevar\u0113ja piedal\u012bties saslim\u0161anas d\u0113\u013c.<\/p>\n<p>Eiropas \u010dempion\u0101ta uzvar\u0113t\u0101ji un kopv\u0113rt\u0113jums<\/p>\n<p>Par Pasaules kausa sest\u0101 posma un Eiropas \u010dempion\u0101ta uzvar\u0113t\u0101ju \u010detrinieku ekip\u0101\u017eu sacens\u012bb\u0101s k\u013cuva V\u0101cijas pilots \u0100dams Amm\u016brs. Sudraba meda\u013cu ieguva vi\u0146a tautie\u0161i ar pilotu Johannesu Lohneru, bet bronzu izc\u012bn\u012bja m\u0101jinieki, \u0161veicietis Miha Fogh. C\u012b\u0146a par uzvaru bija spraiga, un pat fran\u010du pilots Fran\u010desko Fr\u012bdrihs, pie\u013caujot k\u013c\u016bdu start\u0101, fini\u0161\u0113ja sestais, pirmo reizi \u0161osezon paliekot \u0101rpus godalgoto trijnieka.<\/p>\n","protected":false},"excerpt":{"rendered":"Latvijas ekip\u0101\u017eu sniegums Sanktmoricas tras\u0113 Sv\u0113tdien Sanktmoric\u0101, \u0160veic\u0113, notiku\u0161aj\u0101 IBSF Pasaules kausa sestaj\u0101 posm\u0101 bobslej\u0101, kas vienlaikus bija&hellip;\n","protected":false},"author":2,"featured_media":102978,"comment_status":"","ping_status":"","sticky":false,"template":"","format":"standard","meta":{"footnotes":""},"categories":[17],"tags":[2158,696,24928,24927,35,39,38,36,37,34,40,2560,67],"class_list":{"0":"post-102977","1":"post","2":"type-post","3":"status-publish","4":"format-standard","5":"has-post-thumbnail","7":"category-sports","8":"tag-bobslejs","9":"tag-eiropas-cempionats","10":"tag-grantins","11":"tag-kalenda","12":"tag-latvia","13":"tag-latvian","14":"tag-latviesu","15":"tag-latviesu-valoda","16":"tag-latviesuvaloda","17":"tag-latvija","18":"tag-lv","19":"tag-pasaules-kauss","20":"tag-sports"},"share_on_mastodon":{"url":"https:\/\/pubeurope.com\/@lv\/115887581616929989","error":""},"_links":{"self":[{"href":"https:\/\/www.europesays.com\/lv\/wp-json\/wp\/v2\/posts\/102977","targetHints":{"allow":["GET"]}}],"collection":[{"href":"https:\/\/www.europesays.com\/lv\/wp-json\/wp\/v2\/posts"}],"about":[{"href":"https:\/\/www.europesays.com\/lv\/wp-json\/wp\/v2\/types\/post"}],"author":[{"embeddable":true,"href":"https:\/\/www.europesays.com\/lv\/wp-json\/wp\/v2\/users\/2"}],"replies":[{"embeddable":true,"href":"https:\/\/www.europesays.com\/lv\/wp-json\/wp\/v2\/comments?post=102977"}],"version-history":[{"count":0,"href":"https:\/\/www.europesays.com\/lv\/wp-json\/wp\/v2\/posts\/102977\/revisions"}],"wp:featuredmedia":[{"embeddable":true,"href":"https:\/\/www.europesays.com\/lv\/wp-json\/wp\/v2\/media\/102978"}],"wp:attachment":[{"href":"https:\/\/www.europesays.com\/lv\/wp-json\/wp\/v2\/media?parent=102977"}],"wp:term":[{"taxonomy":"category","embeddable":true,"href":"https:\/\/www.europesays.com\/lv\/wp-json\/wp\/v2\/categories?post=102977"},{"taxonomy":"post_tag","embeddable":true,"href":"https:\/\/www.europesays.com\/lv\/wp-json\/wp\/v2\/tags?post=102977"}],"curies":[{"name":"wp","href":"https:\/\/api.w.org\/{rel}","templated":true}]}}