{"id":102979,"date":"2026-01-13T11:36:10","date_gmt":"2026-01-13T11:36:10","guid":{"rendered":"https:\/\/www.europesays.com\/lv\/102979\/"},"modified":"2026-01-13T11:36:10","modified_gmt":"2026-01-13T11:36:10","slug":"nasa-steidz-atgriezt-astronautus-nra-lv","status":"publish","type":"post","link":"https:\/\/www.europesays.com\/lv\/102979\/","title":{"rendered":"NASA steidz atgriezt astronautus &#8211; nra.lv"},"content":{"rendered":"<p class=\"descr\">Vienam no Starptautisk\u0101s kosmisk\u0101s stacijas (SKS) apkalpes locek\u013ciem radu\u0161\u0101s vesel\u012bbas probl\u0113mas.<\/p>\n<p><a href=\"https:\/\/nra.lv\/birka\/nasa\/\" target=\"_blank\" rel=\"noopener nofollow\">NASA<\/a> atgrie\u017e \u201cCrew-11\u201d apkalpi no Starptautisk\u0101s kosmosa stacijas vesel\u012bbas probl\u0113mu d\u0113\u013c, kas radu\u0161\u0101s vienam no \u010detriem astronautiem. \u0160is l\u0113mums tiek d\u0113v\u0113ts par &#8220;bezprecedenta&#8221;. K\u0101 v\u0113sta \u201cFox News\u201d, \u0161\u012b ir pirm\u0101 reize stacijas 25 gadu v\u0113stur\u0113, kad misija ir atcelta vesel\u012bbas apsv\u0113rumu d\u0113\u013c. NASA zi\u0146oja, ka vienam no \u010detriem apkalpes locek\u013ciem stacij\u0101 rad\u0101s medic\u012bniskas probl\u0113mas. Vi\u0146a st\u0101voklis pa\u0161laik ir stabils. P\u0113c konsult\u0113\u0161an\u0101s ar medic\u012bnas vad\u012bbu NASA vad\u012bt\u0101js pav\u0113l\u0113ja apkalpei atgriezties p\u0113c iesp\u0113jas \u0101tr\u0101k. Paredzams, ka vi\u0146i atgriez\u012bsies uz Zemes 15. janv\u0101r\u012b. \u201c<a href=\"https:\/\/nra.lv\/birka\/spacex\/\" target=\"_blank\" rel=\"noopener nofollow\">SpaceX<\/a>\u201d kosmosa ku\u0123is \u201cDragon Endeavour\u201d nog\u0101d\u0101s \u201cCrew-11\u201d uz Zemes tuv\u0101kaj\u0101s dien\u0101s. Apkalpe ierad\u0101s SKS august\u0101, un bija paredz\u0113ts, ka tur pavad\u012bs se\u0161us l\u012bdz asto\u0146us m\u0113ne\u0161us. Apkalp\u0113 ir komandiere Zena K\u0101rdmena, pilots Maiks Finke, Jap\u0101nas Aerokosmisk\u0101s izp\u0113tes a\u0123ent\u016bras astronauts Kimijs Jui un krievu kosmonauts O\u013cegs Platonovs. Koment\u0101r\u0101 publik\u0101cijai kosmosa v\u0113sturnieks un NASA eksperts Rods Pails nor\u0101d\u012bja, ka \u0161is l\u0113mums ir pirmais gad\u012bjums ASV pilot\u0113jamo kosmosa lidojumu v\u0113stur\u0113. &#8220;Medic\u012bnisk\u0101s \u0101rk\u0101rtas situ\u0101cijas izsludin\u0101\u0161ana kosmos\u0101 ir nepieredz\u0113ta, \u012bpa\u0161i Starptautisk\u0101s kosmosa stacijas kontekst\u0101, kur\u0101 25 gadus nep\u0101rtraukti str\u0101d\u0101 apkalpe. \u0160\u012b ir pirm\u0101 reize SKS v\u0113stur\u0113, kad k\u0101ds bija j\u0101atved m\u0101j\u0101s priek\u0161laic\u012bgi, b\u016bt\u012bb\u0101 evaku\u0113joties no orb\u012btas,&#8221; sac\u012bja Pails. NASA iepriek\u0161 ir bijusi viena iev\u0113rojama medic\u012bniska \u0101rk\u0101rtas situ\u0101cija, kad astronautam bija dzi\u013co v\u0113nu tromboze, ta\u010du vi\u0146a st\u0101voklis tika stabiliz\u0113ts orb\u012bt\u0101 un apkalpe turpin\u0101ja misiju, raksta \u201cUnian\u201d. Pails paskaidroja, ka gandr\u012bz puse no astronautu laika SKS tiek pavad\u012bta p\u0113tniec\u012bb\u0101 un ikdienas aktivit\u0101t\u0113s, bet p\u0101r\u0113jais laiks tiek pavad\u012bts apkop\u0113 un remont\u0101 kosmosa stacijas st\u0101vok\u013ca d\u0113\u013c.<\/p>\n<p>\u201cNBC News\u201d zi\u0146o, ka p\u0113c \u201cCrew-11\u201d agr\u012bn\u0101s aizlido\u0161anas NASA vair\u0101kas ned\u0113\u013cas atrad\u012bsies kosmosa stacij\u0101 tikai ar vienu no saviem astronautiem, kas p\u0101rraudz\u012bs ASV zin\u0101tniskos eksperimentus un oper\u0101cijas &#8211; borta in\u017eenieri Krisu Viljamsu, kur\u0161 27. novembr\u012b start\u0113ja ar Krievijas kosmosa ku\u0123i \u201cSojuz\u201d. Krievijas kosmonauti Sergejs Kuds-Sver\u010dkovs un Sergejs Mikajevs paliks tur kop\u0101 ar vi\u0146u.<\/p>\n<p>NASA neatkl\u0101j, un neviens pla\u0161sazi\u0146as l\u012bdzeklis pagaid\u0101m nav uzzin\u0101jis, kuram konkr\u0113ti no \u010detriem misijas locek\u013ciem ir radu\u0161\u0101s min\u0113t\u0101s vesel\u012bbas probl\u0113mas.<\/p>\n<p>\t\t\t\t\t\tinfo<\/p>\n<p>Uzzini pirmais<br \/>kas interesants noticis Latvij\u0101 un pasaul\u0113,<br \/>pievienojoties mums <a href=\"https:\/\/t.me\/neatkariga\" rel=\"nofollow\">Telegram<\/a> vai <a href=\"https:\/\/whatsapp.com\/channel\/0029VaMLFUH5K3zLU5s4wm3y\" rel=\"nofollow noopener\" target=\"_blank\">Whatsapp<\/a> kan\u0101l\u0101<\/p>\n","protected":false},"excerpt":{"rendered":"Vienam no Starptautisk\u0101s kosmisk\u0101s stacijas (SKS) apkalpes locek\u013ciem radu\u0161\u0101s vesel\u012bbas probl\u0113mas. NASA atgrie\u017e \u201cCrew-11\u201d apkalpi no Starptautisk\u0101s kosmosa&hellip;\n","protected":false},"author":2,"featured_media":102980,"comment_status":"","ping_status":"","sticky":false,"template":"","format":"standard","meta":{"footnotes":""},"categories":[14],"tags":[23,57,28,29,32,33,22,30,31,35,39,38,36,37,34,40,20,26,27,24,25,54,55,56,21,58],"class_list":{"0":"post-102979","1":"post","2":"type-post","3":"status-publish","4":"format-standard","5":"has-post-thumbnail","7":"category-zinas-no-arvalstim","8":"tag-aktualitates","9":"tag-arvalstim","10":"tag-breaking-news","11":"tag-breakingnews","12":"tag-featured-news","13":"tag-featurednews","14":"tag-headlines","15":"tag-latest-news","16":"tag-latestnews","17":"tag-latvia","18":"tag-latvian","19":"tag-latviesu","20":"tag-latviesu-valoda","21":"tag-latviesuvaloda","22":"tag-latvija","23":"tag-lv","24":"tag-news","25":"tag-popularakas-zinas","26":"tag-popularakaszinas","27":"tag-top-stories","28":"tag-topstories","29":"tag-world","30":"tag-world-news","31":"tag-worldnews","32":"tag-zinas","33":"tag-zinas-no-arvalstim"},"share_on_mastodon":{"url":"https:\/\/pubeurope.com\/@lv\/115887589524571163","error":""},"_links":{"self":[{"href":"https:\/\/www.europesays.com\/lv\/wp-json\/wp\/v2\/posts\/102979","targetHints":{"allow":["GET"]}}],"collection":[{"href":"https:\/\/www.europesays.com\/lv\/wp-json\/wp\/v2\/posts"}],"about":[{"href":"https:\/\/www.europesays.com\/lv\/wp-json\/wp\/v2\/types\/post"}],"author":[{"embeddable":true,"href":"https:\/\/www.europesays.com\/lv\/wp-json\/wp\/v2\/users\/2"}],"replies":[{"embeddable":true,"href":"https:\/\/www.europesays.com\/lv\/wp-json\/wp\/v2\/comments?post=102979"}],"version-history":[{"count":0,"href":"https:\/\/www.europesays.com\/lv\/wp-json\/wp\/v2\/posts\/102979\/revisions"}],"wp:featuredmedia":[{"embeddable":true,"href":"https:\/\/www.europesays.com\/lv\/wp-json\/wp\/v2\/media\/102980"}],"wp:attachment":[{"href":"https:\/\/www.europesays.com\/lv\/wp-json\/wp\/v2\/media?parent=102979"}],"wp:term":[{"taxonomy":"category","embeddable":true,"href":"https:\/\/www.europesays.com\/lv\/wp-json\/wp\/v2\/categories?post=102979"},{"taxonomy":"post_tag","embeddable":true,"href":"https:\/\/www.europesays.com\/lv\/wp-json\/wp\/v2\/tags?post=102979"}],"curies":[{"name":"wp","href":"https:\/\/api.w.org\/{rel}","templated":true}]}}