{"id":102981,"date":"2026-01-13T11:37:08","date_gmt":"2026-01-13T11:37:08","guid":{"rendered":"https:\/\/www.europesays.com\/lv\/102981\/"},"modified":"2026-01-13T11:37:08","modified_gmt":"2026-01-13T11:37:08","slug":"aktualizes-individuala-paterina-klasifikaciju-kas-mainas-un-ko-tas-nozime-statistika","status":"publish","type":"post","link":"https:\/\/www.europesays.com\/lv\/102981\/","title":{"rendered":"Aktualiz\u0113s individu\u0101l\u0101 pat\u0113ri\u0146a klasifik\u0101ciju: kas main\u0101s, un ko tas noz\u012bm\u0113 statistik\u0101"},"content":{"rendered":"<p>No 2026. gada Eiropas Savien\u012bb\u0101, tostarp Latvij\u0101, tiks ieviesta aktualiz\u0113ta Eiropas Individu\u0101l\u0101 pat\u0113ri\u0146a veidu klasifik\u0101cija \u2013 ECOICOP 2. versija. T\u0101 aizst\u0101s l\u012bdz\u0161in\u0113jo klasifik\u0101ciju, kas tika izmantota kop\u0161 2015. gada, un lab\u0101k atspogu\u013cos m\u016bsdienu pat\u0113ri\u0146a paradumus un tirgus izmai\u0146as. Pat\u0113ri\u0146a cenu p\u0101rmai\u0146as, izmantojot jauno klasifik\u0101ciju, s\u0101ks piem\u0113rot janv\u0101ra datiem, ko public\u0113s 11. febru\u0101r\u012b. <\/p>\n<p>        Kas ir ECOICOP, un k\u0101p\u0113c to p\u0101rskata<\/p>\n<p>ECOICOP ir klasifik\u0101cija, kas struktur\u0113 m\u0101jsaimniec\u012bbu izdevumus \u2013 p\u0101rtikai, m\u0101joklim, transportam, sakariem, vesel\u012bbai u. c. T\u0101 tiek izmantota, apr\u0113\u0137inot pat\u0113ri\u0146a cenu indeksu (PCI) un saska\u0146oto pat\u0113ri\u0146a cenu indeksu (SPCI), kas raksturo infl\u0101ciju.<\/p>\n<p>Pat\u0113ri\u0146a tirgus p\u0113d\u0113jos gados ir b\u016btiski main\u012bjies \u2013 par\u0101d\u012bju\u0161ies jauni digit\u0101lie pakalpojumi, straum\u0113\u0161anas platformas, viedier\u012bces, jauni pakalpojumu veidi. L\u012bdz\u0161in\u0113j\u0101 klasifik\u0101cija \u0161\u012bs izmai\u0146as ne vienm\u0113r atspogu\u013coja skaidri un konsekventi, t\u0101p\u0113c tika veikta p\u0101rskat\u012b\u0161ana.<\/p>\n<p>Kas main\u0101s jaunaj\u0101 klasifik\u0101cij\u0101<\/p>\n<p>ECOICOP 2. versija ir saska\u0146ota ar ANO COICOP 2018 un nodro\u0161ina liel\u0101ku starptautisko sal\u012bdzin\u0101m\u012bbu. B\u016btisk\u0101k\u0101s izmai\u0146as:<\/p>\n<ul>&#13;<\/p>\n<li>Skaidr\u0101ks pre\u010du un pakalpojumu nodal\u012bjums. Izveidotas jaunas pakalpojumu grupas, piem\u0113ram, remontam, uztur\u0113\u0161anai, ier\u012bko\u0161anai un nomai.<\/li>\n<p>&#13;<\/p>\n<li>Piln\u012bb\u0101 p\u0101rskat\u012btas sakaru un atp\u016btas\/kult\u016bras grupas, lai atspogu\u013cotu digit\u0101lo pakalpojumu att\u012bst\u012bbu.<\/li>\n<p>&#13;<\/p>\n<li>Papla\u0161in\u0101ta transporta izdevumu strukt\u016bra, taj\u0101 iek\u013caujot ar\u012b pre\u010du pieg\u0101des maksu, kas iepriek\u0161 bie\u017ei bija \u201cpasl\u0113pta\u201d pre\u010du cen\u0101s.<\/li>\n<p>&#13;<\/p>\n<li>Ieviesta jauna \u2013 13. div\u012bzija, kas aptver person\u012bgo apr\u016bpi, soci\u0101lo aizsardz\u012bbu un da\u017e\u0101dus citus pakalpojumus un preces (l\u012bdz\u0161in\u0113j\u0101 12. div\u012bzija sadal\u012bta div\u0101s).<\/li>\n<p>&#13;\n<\/ul>\n<p>Ko tas praktiski noz\u012bm\u0113 statistikas lietot\u0101jiem<\/p>\n<ul>&#13;<\/p>\n<li>Kop\u0113jais infl\u0101cijas r\u0101d\u012bt\u0101js nemain\u012bsies. PCI un SPCI kop\u0113j\u0101s v\u0113rt\u012bbas un to izmai\u0146as paliks t\u0101das pa\u0161as.<\/li>\n<p>&#13;<\/p>\n<li>Main\u012bsies detaliz\u0101cija. Lietot\u0101ji paman\u012bs izmai\u0146as grupu, kla\u0161u un apak\u0161kla\u0161u nosaukumos un sast\u0101v\u0101, k\u0101 ar\u012b div\u012bziju skait\u0101 (no 12 uz 13). L\u012bdz ar to var main\u012bties atsevi\u0161\u0137u grupu indeksu v\u0113rt\u012bbas.<\/li>\n<p>&#13;<\/p>\n<li>Datu nep\u0101rtraukt\u012bba tiks saglab\u0101ta. V\u0113sturisk\u0101s laika rindas ir p\u0101rklasific\u0113tas atbilsto\u0161i jaunajai klasifik\u0101cijai, nodro\u0161inot datu sal\u012bdzin\u0101m\u012bbu ar\u012b p\u0113c 2026. gada.<\/li>\n<p>&#13;<\/p>\n<li>Vec\u0101 klasifik\u0101cija netiks turpin\u0101ta, ta\u010du dati l\u012bdz 2025. gadam p\u0113c iepriek\u0161\u0113j\u0101s ECOICOP versijas b\u016bs pieejami arh\u012bv\u0101.<\/li>\n<p>&#13;\n<\/ul>\n<p>Vienlaikus ar jaun\u0101s klasifik\u0101cijas ievie\u0161anu no 2026. gada tiks main\u012bts ar\u012b cenu indeksu atsauces periods uz 2025 = 100, kas uzlabo datu uztveram\u012bbu, bet neietekm\u0113 pa\u0161u infl\u0101cijas r\u0101d\u012bt\u0101ju v\u0113rt\u012bbas. Atsauces periods ir b\u0101zes punkts, ar kuru sal\u012bdzina cenu izmai\u0146as citos gados. Ja atsauces periods ir noteikts k\u0101 2025 = 100, tas noz\u012bm\u0113, ka 2025. gada vid\u0113jais cenu l\u012bmenis tiek pie\u0146emts par s\u0101kuma punktu ar v\u0113rt\u012bbu 100.<\/p>\n<p>Atsauces perioda mai\u0146a neietekm\u0113 infl\u0101cijas r\u0101d\u012bt\u0101ju apr\u0113\u0137inu vai to pieauguma tempus \u2013 t\u0101 vienk\u0101r\u0161i padara statistiku viegl\u0101k saprotamu un las\u0101mu, jo sal\u012bdzin\u0101jums tiek veikts ar nesenu un cilv\u0113kiem paz\u012bstamu laika posmu.<\/p>\n<p>ECOICOP 2. versijas ievie\u0161ana noz\u012bm\u0113, ka pat\u0113ri\u0146a statistika turpm\u0101k prec\u012bz\u0101k atspogu\u013cos to, k\u0101 cilv\u0113ki paties\u012bb\u0101 t\u0113r\u0113 naudu m\u016bsdienu ekonomik\u0101, un padar\u012bs datus saprotam\u0101kus un sal\u012bdzin\u0101m\u0101kus Eiropas l\u012bmen\u012b.<\/p>\n<p>Kur pieejamas ANO COICOP 2018 un ECOICOP 2. versija klasifik\u0101cijas<\/p>\n<p>Kur pieejama korespondences tabula starp ECOICOP un ECOICOP 2. versiju<\/p>\n<p>          <img decoding=\"async\" src=\"https:\/\/www.europesays.com\/lv\/wp-content\/uploads\/2026\/01\/1767645852_487_logo-lv.png\" alt=\"\"\/><\/p>\n<p>                  \u0160\u012b inform\u0101cija ir publisks pazi\u0146ojums un neatspogu\u013co LV port\u0101la viedokli. Par t\u0101s saturu atbild ies\u016bt\u012bt\u0101js. <a data-popup=\"rules\">Public\u0113\u0161anas noteikumi<\/a><\/p>\n","protected":false},"excerpt":{"rendered":"No 2026. gada Eiropas Savien\u012bb\u0101, tostarp Latvij\u0101, tiks ieviesta aktualiz\u0113ta Eiropas Individu\u0101l\u0101 pat\u0113ri\u0146a veidu klasifik\u0101cija \u2013 ECOICOP 2.&hellip;\n","protected":false},"author":2,"featured_media":95583,"comment_status":"","ping_status":"","sticky":false,"template":"","format":"standard","meta":{"footnotes":""},"categories":[12],"tags":[23,28,29,32,33,22,30,31,35,39,38,36,37,34,40,20,26,27,24,25,21],"class_list":{"0":"post-102981","1":"post","2":"type-post","3":"status-publish","4":"format-standard","5":"has-post-thumbnail","7":"category-latvija","8":"tag-aktualitates","9":"tag-breaking-news","10":"tag-breakingnews","11":"tag-featured-news","12":"tag-featurednews","13":"tag-headlines","14":"tag-latest-news","15":"tag-latestnews","16":"tag-latvia","17":"tag-latvian","18":"tag-latviesu","19":"tag-latviesu-valoda","20":"tag-latviesuvaloda","21":"tag-latvija","22":"tag-lv","23":"tag-news","24":"tag-popularakas-zinas","25":"tag-popularakaszinas","26":"tag-top-stories","27":"tag-topstories","28":"tag-zinas"},"share_on_mastodon":{"url":"https:\/\/pubeurope.com\/@lv\/115887593496599117","error":""},"_links":{"self":[{"href":"https:\/\/www.europesays.com\/lv\/wp-json\/wp\/v2\/posts\/102981","targetHints":{"allow":["GET"]}}],"collection":[{"href":"https:\/\/www.europesays.com\/lv\/wp-json\/wp\/v2\/posts"}],"about":[{"href":"https:\/\/www.europesays.com\/lv\/wp-json\/wp\/v2\/types\/post"}],"author":[{"embeddable":true,"href":"https:\/\/www.europesays.com\/lv\/wp-json\/wp\/v2\/users\/2"}],"replies":[{"embeddable":true,"href":"https:\/\/www.europesays.com\/lv\/wp-json\/wp\/v2\/comments?post=102981"}],"version-history":[{"count":0,"href":"https:\/\/www.europesays.com\/lv\/wp-json\/wp\/v2\/posts\/102981\/revisions"}],"wp:featuredmedia":[{"embeddable":true,"href":"https:\/\/www.europesays.com\/lv\/wp-json\/wp\/v2\/media\/95583"}],"wp:attachment":[{"href":"https:\/\/www.europesays.com\/lv\/wp-json\/wp\/v2\/media?parent=102981"}],"wp:term":[{"taxonomy":"category","embeddable":true,"href":"https:\/\/www.europesays.com\/lv\/wp-json\/wp\/v2\/categories?post=102981"},{"taxonomy":"post_tag","embeddable":true,"href":"https:\/\/www.europesays.com\/lv\/wp-json\/wp\/v2\/tags?post=102981"}],"curies":[{"name":"wp","href":"https:\/\/api.w.org\/{rel}","templated":true}]}}