{"id":102982,"date":"2026-01-13T11:38:09","date_gmt":"2026-01-13T11:38:09","guid":{"rendered":"https:\/\/www.europesays.com\/lv\/102982\/"},"modified":"2026-01-13T11:38:09","modified_gmt":"2026-01-13T11:38:09","slug":"aicina-noteikt-selijas-kulturas-kanona-ieklaujamas-vertibas-2","status":"publish","type":"post","link":"https:\/\/www.europesays.com\/lv\/102982\/","title":{"rendered":"Aicina noteikt S\u0113lijas kult\u016bras kanon\u0101 iek\u013caujam\u0101s v\u0113rt\u012bbas"},"content":{"rendered":"<p class=\"MsoNormal\">Lai noskaidrotu iedz\u012bvot\u0101ju viedokli par sabiedr\u012bbai noz\u012bm\u012bg\u0101m soci\u0101l\u0101s dz\u012bves un kult\u016bras noris\u0113m m\u016bsdienu S\u0113lij\u0101 un noteiktu visp\u0101r\u012bgas kult\u016bras v\u0113rt\u012bbas, tiek veidots S\u0113lijas kult\u016bras kanons. L\u012bdz 1. febru\u0101rim ikviens var pieteikt savas v\u0113rt\u012bbas, aizpildot tie\u0161saistes anketu.\u00a0<\/p>\n<p class=\"MsoNormal\">Topo\u0161o kanonu veido 9 sada\u013cas \u2013 nemateri\u0101lais kult\u016bras mantojums, materi\u0101lais kult\u016bras mantojums, kulin\u0101rais mantojums, vide un ainava, valodas, literat\u016bra, person\u012bbas, konkurss \u201cS\u0113lijas sudrabs\u201d un m\u016bsdienu sabiedriskie procesi S\u0113lij\u0101. Iedz\u012bvot\u0101ji aicin\u0101ti dom\u0101t ne tikai par jau paz\u012bstam\u0101m un stabil\u0101m v\u0113rt\u012bb\u0101m, bet ar\u012b m\u016bsdienu notikumiem un person\u012bb\u0101m.<\/p>\n<p class=\"MsoNormal\">2025. gada laik\u0101 jau notiku\u0161as kl\u0101tienes fokusgrupas Dunav\u0101, Medumos, Rit\u0113, Sun\u0101kst\u0113 un Zas\u0101, noskaidrojot iedz\u012bvot\u0101ju viedok\u013cus par S\u0113lijas kult\u016bras v\u0113rt\u012bb\u0101m un simboliem. Bet l\u012bdz 2026. gada 1. febru\u0101rim to var izdar\u012bt ikviens, aizpildot tie\u0161saistes anketu \u2013 <a href=\"https:\/\/ej.uz\/selijaskanons\" rel=\"nofollow noopener\" target=\"_blank\">ej.uz\/selijaskanons<\/a>.<\/p>\n<p class=\"MsoNormal\">Kl\u0101tienes fokusgrup\u0101s un tie\u0161saistes anket\u0101 noteikt\u0101s v\u0113rt\u012bbas veidos S\u0113lijas kult\u016bras kanona sarakstu. Sabiedr\u012bbai tas tiks prezent\u0113ts S\u0113lijas Nevalstisko organiz\u0101ciju forum\u0101 2026. gada ruden\u012b, k\u0101 ar\u012b public\u0113ts S\u0113lijas t\u016brisma un kopienu port\u0101l\u0101 <a href=\"https:\/\/selija.com\/gaidamie-notikumi-selija-2025-gada\/\" rel=\"nofollow noopener\" target=\"_blank\">selija.com<\/a>.<\/p>\n<p class=\"MsoNormal\">S\u0113lijas kult\u016bras \u00a0kanonu veido biedr\u012bba \u201c\u016adensz\u012bmes\u201d projekta \u201cS\u0113lijas vied\u0101 re\u0123iona strat\u0113\u0123ijas \u012bsteno\u0161ana. Vieta, kult\u016bra, inov\u0101cijas\u201d ietvaros. T\u0101 izveidi finansi\u0101li atbalsta Sabiedr\u012bbas integr\u0101cijas fonds no Latvijas valsts bud\u017eeta l\u012bdzek\u013ciem.<\/p>\n<p>\u00a0\n<\/p>\n<p class=\"MsoNormal\">Foto: S\u0113lijas salas<\/p>\n","protected":false},"excerpt":{"rendered":"Lai noskaidrotu iedz\u012bvot\u0101ju viedokli par sabiedr\u012bbai noz\u012bm\u012bg\u0101m soci\u0101l\u0101s dz\u012bves un kult\u016bras noris\u0113m m\u016bsdienu S\u0113lij\u0101 un noteiktu visp\u0101r\u012bgas kult\u016bras&hellip;\n","protected":false},"author":2,"featured_media":102983,"comment_status":"","ping_status":"","sticky":false,"template":"","format":"standard","meta":{"footnotes":""},"categories":[5],"tags":[23,28,29,32,33,22,30,31,35,39,38,36,37,34,40,20,26,27,24,25,21],"class_list":{"0":"post-102982","1":"post","2":"type-post","3":"status-publish","4":"format-standard","5":"has-post-thumbnail","7":"category-aktualitates","8":"tag-aktualitates","9":"tag-breaking-news","10":"tag-breakingnews","11":"tag-featured-news","12":"tag-featurednews","13":"tag-headlines","14":"tag-latest-news","15":"tag-latestnews","16":"tag-latvia","17":"tag-latvian","18":"tag-latviesu","19":"tag-latviesu-valoda","20":"tag-latviesuvaloda","21":"tag-latvija","22":"tag-lv","23":"tag-news","24":"tag-popularakas-zinas","25":"tag-popularakaszinas","26":"tag-top-stories","27":"tag-topstories","28":"tag-zinas"},"share_on_mastodon":{"url":"https:\/\/pubeurope.com\/@lv\/115887597338840778","error":""},"_links":{"self":[{"href":"https:\/\/www.europesays.com\/lv\/wp-json\/wp\/v2\/posts\/102982","targetHints":{"allow":["GET"]}}],"collection":[{"href":"https:\/\/www.europesays.com\/lv\/wp-json\/wp\/v2\/posts"}],"about":[{"href":"https:\/\/www.europesays.com\/lv\/wp-json\/wp\/v2\/types\/post"}],"author":[{"embeddable":true,"href":"https:\/\/www.europesays.com\/lv\/wp-json\/wp\/v2\/users\/2"}],"replies":[{"embeddable":true,"href":"https:\/\/www.europesays.com\/lv\/wp-json\/wp\/v2\/comments?post=102982"}],"version-history":[{"count":0,"href":"https:\/\/www.europesays.com\/lv\/wp-json\/wp\/v2\/posts\/102982\/revisions"}],"wp:featuredmedia":[{"embeddable":true,"href":"https:\/\/www.europesays.com\/lv\/wp-json\/wp\/v2\/media\/102983"}],"wp:attachment":[{"href":"https:\/\/www.europesays.com\/lv\/wp-json\/wp\/v2\/media?parent=102982"}],"wp:term":[{"taxonomy":"category","embeddable":true,"href":"https:\/\/www.europesays.com\/lv\/wp-json\/wp\/v2\/categories?post=102982"},{"taxonomy":"post_tag","embeddable":true,"href":"https:\/\/www.europesays.com\/lv\/wp-json\/wp\/v2\/tags?post=102982"}],"curies":[{"name":"wp","href":"https:\/\/api.w.org\/{rel}","templated":true}]}}