{"id":102988,"date":"2026-01-13T11:46:08","date_gmt":"2026-01-13T11:46:08","guid":{"rendered":"https:\/\/www.europesays.com\/lv\/102988\/"},"modified":"2026-01-13T11:46:08","modified_gmt":"2026-01-13T11:46:08","slug":"dakaras-rallija-lideriem-tehniskas-problemas-un-kludas-vadibu-parnem-nani-roma","status":"publish","type":"post","link":"https:\/\/www.europesays.com\/lv\/102988\/","title":{"rendered":"Dakaras rallij\u0101 l\u012bderiem tehniskas probl\u0113mas un k\u013c\u016bdas, vad\u012bbu p\u0101r\u0146em Nani Roma"},"content":{"rendered":"<p>Nani Roma. Foto: Kin Marcin \/ Red Bull Content Pool<\/p>\n<p>Dakaras rallij\u0101 aizvad\u012bts dev\u012btais \u0101trumposms, kura garums bija 410 kilometri.<\/p>\n<p>Vieglo automa\u0161\u012bnu klas\u0113 pie 271 kilometru atz\u012bmes l\u012bderis bija braz\u012blietis Lukas Morae\u0161s, kur\u0161 tuv\u0101ko sekot\u0101ju apsteidza par pusotru min\u016bti. Ta\u010du pie n\u0101kam\u0101s laika \u0146em\u0161anas vietas Morae\u0161s atkrita uz 11.vietu (+8:33), kam\u0113r vad\u012bbu p\u0101r\u0146\u0113ma polis Mihals Goczals.<\/p>\n<p>Ar\u012b citiem l\u012bderiem tobr\u012bd bija da\u017e\u0101das probl\u0113mas. Tehniskas probl\u0113mas piemekl\u0113ja Henku Lateganu, kur\u0161 c\u012bn\u012bj\u0101s ar st\u016bres pastiprin\u0101t\u0101ju. Tobr\u012bd vi\u0146\u0161 Goczalam zaud\u0113ja 27 min\u016btes. Ar\u012b Nasers Al-Atija (+9:44) un Matiass Ekstroms (+12:25) tobr\u012bd zaud\u0113ja daudz laika (probl\u0113mas ar navig\u0101ciju). Tobr\u012bd v\u0113l vad\u012bbu kopv\u0113rt\u0113jum\u0101 saglab\u0101ja Al-Atija, ta\u010du pie n\u0101kam\u0101s laika \u0146em\u0161anas vietas par pagaidu jauno l\u012bderi k\u013cuva Karloss Sainss, kur\u0161 p\u0113c vakardienas posma Al-Atijam kopv\u0113rt\u0113jum\u0101 zaud\u0113ja desmit min\u016btes un 39 sekundes.<\/p>\n<p><img loading=\"lazy\" decoding=\"async\" height=\"273\" width=\"420\" src=\"https:\/\/www.europesays.com\/lv\/wp-content\/uploads\/2026\/01\/Clipboard03_207.jpg\"\/><br \/>Eriks Goczals.\u00a0Foto: dakar.com<\/p>\n<p>Posma fini\u0161\u0101 savu pirmo uzvaru Ultimate klas\u0113 izc\u012bn\u012bja 21 gadu vecais polis Eriks Goczals, kur\u0161 par nepiln\u0101m asto\u0146\u0101m min\u016bt\u0113m apsteidza savu onkuli Mihalu Goczalu. Eriks, kur\u0161 start\u0113 ar priv\u0101t\u0101s komandas &#8221;Toyota Hilux&#8221;, ir otrais po\u013cu sportists, kur\u0161 uzvar\u0113jis k\u0101d\u0101 no Dakaras rallija \u0101trumposmiem. 2012.gad\u0101 to paveica Kri\u0161tofs Holov\u010di\u010ds.<\/p>\n<p>\u00a0Tikm\u0113r vairums l\u012bderiem \u0161is posms bija neveiksm\u012bgs \u2013 Lategans fini\u0161\u0113ja 14.viet\u0101 (+25:18), Al-Atija palika 15. (+26:23), L\u0113bs ierindoj\u0101s 19.viet\u0101 (+28:54), bet Ekstromam 24.vieta (+32:32).<\/p>\n<p><img loading=\"lazy\" decoding=\"async\" height=\"293\" width=\"420\" src=\"https:\/\/www.europesays.com\/lv\/wp-content\/uploads\/2026\/01\/Clipboard04_150.jpg\"\/><br \/>Foto: dakar.com<\/p>\n<p>S\u0101kotn\u0113ji kopv\u0113rt\u0113jum\u0101 l\u012bderis bija Karloss Sainss, ta\u010du sp\u0101nis par \u0101truma p\u0101rsnieg\u0161anu sa\u0146\u0113ma sodu (+1:10), kas \u0161obr\u012bd vad\u012bb\u0101 \u013c\u0101vis izvirz\u012bties citam sp\u0101\u0146u vecmeistaram Nani Roma, kur\u0161 l\u012bdz \u0161im Dakaras rallij\u0101 savos 29 startos ir uzvar\u0113jis divas reizes. \u0160\u012b ir pirm\u0101 reize kop\u0161 2014.gada kad Roma k\u013cuvis par l\u012bderi absol\u016btaj\u0101 kopv\u0113rt\u0113jum\u0101.\u00a0Otrais ir Sainss (+57 sek), bet tre\u0161ais Al-Atija (+1:10). Sesto poz\u012bciju ie\u0146em L\u0113bs (+21:06).<\/p>\n<p>Kopv\u0113rt\u0113jums vieglo automa\u0161\u012bnu klas\u0113:<\/p>\n<p><img loading=\"lazy\" decoding=\"async\" height=\"523\" width=\"420\" src=\"https:\/\/www.europesays.com\/lv\/wp-content\/uploads\/2026\/01\/Clipboard05_94.jpg\"\/><br \/>\n<br \/>Motociklu ieskait\u0113 \u0101tr\u0101kais bija To\u0161a \u0160areina, kuram \u0161\u012b \u0161ogad bija jau otr\u0101 uzvara Dakaras rallij\u0101. Otrais fini\u0161\u0113ja Daniels Sanders, kur\u0161 kopv\u0113rt\u0113jum\u0101 atguva pirmo poz\u012bciju. Vakardienas kopv\u0113rt\u0113juma l\u012bderis Lusi\u0101no Benavides \u0161odien fini\u0161\u0113ja dev\u012btais (+11:50), kopv\u0113rt\u0113jum\u0101 atkr\u012btot uz 3.vietu.<\/p>\n<p>Kopv\u0113rt\u0113jums motociklu klas\u0113:<\/p>\n<p><img loading=\"lazy\" decoding=\"async\" src=\"https:\/\/www.europesays.com\/lv\/wp-content\/uploads\/2026\/01\/Clipboard06_68.jpg\" width=\"420\" height=\"333\"\/><\/p>\n<p>SSV klas\u0113 pie 351 kilometru atz\u012bmes pagaid\u0101m l\u012bderis ir Johans Kristofersons, kam\u0113r smago automa\u0161\u012bnu klas\u0113 pie 309 kilometru atz\u012bmes tre\u0161ais ir Vaidotas \u017dala.<\/p>\n<p>Inform\u0101cija tiks papildin\u0101ta<\/p>\n","protected":false},"excerpt":{"rendered":"Nani Roma. Foto: Kin Marcin \/ Red Bull Content Pool Dakaras rallij\u0101 aizvad\u012bts dev\u012btais \u0101trumposms, kura garums bija&hellip;\n","protected":false},"author":2,"featured_media":102989,"comment_status":"","ping_status":"","sticky":false,"template":"","format":"standard","meta":{"footnotes":""},"categories":[17],"tags":[35,39,38,36,37,34,40,67],"class_list":{"0":"post-102988","1":"post","2":"type-post","3":"status-publish","4":"format-standard","5":"has-post-thumbnail","7":"category-sports","8":"tag-latvia","9":"tag-latvian","10":"tag-latviesu","11":"tag-latviesu-valoda","12":"tag-latviesuvaloda","13":"tag-latvija","14":"tag-lv","15":"tag-sports"},"share_on_mastodon":{"url":"https:\/\/pubeurope.com\/@lv\/115887628781355477","error":""},"_links":{"self":[{"href":"https:\/\/www.europesays.com\/lv\/wp-json\/wp\/v2\/posts\/102988","targetHints":{"allow":["GET"]}}],"collection":[{"href":"https:\/\/www.europesays.com\/lv\/wp-json\/wp\/v2\/posts"}],"about":[{"href":"https:\/\/www.europesays.com\/lv\/wp-json\/wp\/v2\/types\/post"}],"author":[{"embeddable":true,"href":"https:\/\/www.europesays.com\/lv\/wp-json\/wp\/v2\/users\/2"}],"replies":[{"embeddable":true,"href":"https:\/\/www.europesays.com\/lv\/wp-json\/wp\/v2\/comments?post=102988"}],"version-history":[{"count":0,"href":"https:\/\/www.europesays.com\/lv\/wp-json\/wp\/v2\/posts\/102988\/revisions"}],"wp:featuredmedia":[{"embeddable":true,"href":"https:\/\/www.europesays.com\/lv\/wp-json\/wp\/v2\/media\/102989"}],"wp:attachment":[{"href":"https:\/\/www.europesays.com\/lv\/wp-json\/wp\/v2\/media?parent=102988"}],"wp:term":[{"taxonomy":"category","embeddable":true,"href":"https:\/\/www.europesays.com\/lv\/wp-json\/wp\/v2\/categories?post=102988"},{"taxonomy":"post_tag","embeddable":true,"href":"https:\/\/www.europesays.com\/lv\/wp-json\/wp\/v2\/tags?post=102988"}],"curies":[{"name":"wp","href":"https:\/\/api.w.org\/{rel}","templated":true}]}}