{"id":102990,"date":"2026-01-13T11:52:13","date_gmt":"2026-01-13T11:52:13","guid":{"rendered":"https:\/\/www.europesays.com\/lv\/102990\/"},"modified":"2026-01-13T11:52:13","modified_gmt":"2026-01-13T11:52:13","slug":"silins-varetu-klut-par-lomaza-komandas-biedru-lietuva","status":"publish","type":"post","link":"https:\/\/www.europesays.com\/lv\/102990\/","title":{"rendered":"\u0160ili\u0146\u0161 var\u0113tu k\u013c\u016bt par Loma\u017ea komandas biedru Lietuv\u0101"},"content":{"rendered":"<p>28 gadus vecais centra sp\u0113l\u0113t\u0101js &#8220;Trabzonspor&#8221; pievienoj\u0101s pirms \u0161\u012bs sezonas un Turcijas \u010dempion\u0101t\u0101 aizvad\u012bja asto\u0146as sp\u0113l\u0113s, vid\u0113ji ma\u010d\u0101 izce\u013coties ar \u010detriem punktiem, 1,1 atl\u0113ku\u0161o bumbu zem groziem un 0,3 rezultat\u012bv\u0101m piesp\u0113l\u0113m.<\/p>\n<p>Pag\u0101ju\u0161o sezonu \u0160ili\u0146\u0161 s\u0101ka It\u0101lijas A s\u0113rijas vien\u012bb\u0101 &#8220;Pistoia&#8221;, bet marta s\u0101kum\u0101 p\u0101rc\u0113l\u0101s uz Sp\u0101nijas augst\u0101k\u0101s l\u012bgas (ACB) komandu &#8220;Coruna&#8221;, kuras rind\u0101s ar\u012b nosl\u0113dza sezonu.<\/p>\n<p>Pirms pievieno\u0161an\u0101s &#8220;Pistoia&#8221; vi\u0146\u0161 vienu sezonu p\u0101rst\u0101v\u0113ja V\u0101cijas bundesl\u012bgas komandu &#8220;Gottingen&#8221;. Savuk\u0101rt pirms do\u0161an\u0101s uz V\u0101ciju \u0160ili\u0146\u0161 kop\u0161 2021. gada p\u0101rst\u0101v\u0113ja &#8220;Liep\u0101ju&#8221;, kurai pievienoj\u0101s p\u0113c \u010detr\u0101m sezon\u0101m Nacion\u0101l\u0101s koled\u017eu sporta asoci\u0101cijas (NCAA) \u010dempion\u0101t\u0101.<\/p>\n<p>&#8220;Trabzonspor&#8221; ar desmit uzvar\u0101m 15 sp\u0113l\u0113s Turcijas superl\u012bgas kopv\u0113rt\u0113jum\u0101 ie\u0146em piekto poz\u012bciju.<\/p>\n<p>Lietuvas port\u0101ls &#8220;Krepsinis.net&#8221; v\u0113sta, ka &#8220;Nept\u016bnas&#8221; veic p\u0101rrunas ar 209 centimetrus garo Latvijas basketbolistu, l\u012bdz ar to \u0160ili\u0146\u0161 var\u0113tu k\u013c\u016bt par komandas biedru valstsvien\u012bbas kapteinim Rihardam Loma\u017eam.<\/p>\n<p>&#8220;Sportacentrs.com&#8221; zi\u0146o, ka \u0160ili\u0146\u0161 jau atradis n\u0101kamo darba vietu un p\u0101rcelsies uz komandu, kas sp\u0113l\u0113 ULEB Eirokaus\u0101. Jaun\u0101s komandas pazi\u0146ojums esot gaid\u0101ms tuv\u0101kaj\u0101 laik\u0101.<\/p>\n<p>Loma\u017es \u0161osezon ir viens no &#8220;Nept\u016bnas&#8221; komandas l\u012bderiem. Klaip\u0113das vien\u012bba Lietuvas \u010dempion\u0101t\u0101 ar uzvaru un zaud\u0113jumu bilanci 9-5 ie\u0146em tre\u0161o vietu regul\u0101r\u0101 \u010dempion\u0101ta kopv\u0113rt\u0113jum\u0101.<\/p>\n<p>&#8220;Nept\u016bnas&#8221; \u0161osezon sp\u0113l\u0113 ar\u012b ULEB Eirokaus\u0101, kur ar bilanci 6-7 komanda ierindojas sept\u012btaj\u0101 poz\u012bcij\u0101 A apak\u0161grup\u0101. Lai kvalific\u0113tos &#8220;play-off&#8221; turn\u012bram, Klaip\u0113das klubam j\u0101iek\u013c\u016bst lab\u0101ko se\u0161iniek\u0101.<\/p>\n","protected":false},"excerpt":{"rendered":"28 gadus vecais centra sp\u0113l\u0113t\u0101js &#8220;Trabzonspor&#8221; pievienoj\u0101s pirms \u0161\u012bs sezonas un Turcijas \u010dempion\u0101t\u0101 aizvad\u012bja asto\u0146as sp\u0113l\u0113s, vid\u0113ji ma\u010d\u0101&hellip;\n","protected":false},"author":2,"featured_media":102991,"comment_status":"","ping_status":"","sticky":false,"template":"","format":"standard","meta":{"footnotes":""},"categories":[17],"tags":[145,1098,3024,35,39,38,36,37,34,40,8512,67],"class_list":{"0":"post-102990","1":"post","2":"type-post","3":"status-publish","4":"format-standard","5":"has-post-thumbnail","7":"category-sports","8":"tag-basketbols","9":"tag-basketbols-pasaule","10":"tag-karlis-silins","11":"tag-latvia","12":"tag-latvian","13":"tag-latviesu","14":"tag-latviesu-valoda","15":"tag-latviesuvaloda","16":"tag-latvija","17":"tag-lv","18":"tag-rihards-lomazs","19":"tag-sports"},"share_on_mastodon":{"url":"https:\/\/pubeurope.com\/@lv\/115887652352312401","error":""},"_links":{"self":[{"href":"https:\/\/www.europesays.com\/lv\/wp-json\/wp\/v2\/posts\/102990","targetHints":{"allow":["GET"]}}],"collection":[{"href":"https:\/\/www.europesays.com\/lv\/wp-json\/wp\/v2\/posts"}],"about":[{"href":"https:\/\/www.europesays.com\/lv\/wp-json\/wp\/v2\/types\/post"}],"author":[{"embeddable":true,"href":"https:\/\/www.europesays.com\/lv\/wp-json\/wp\/v2\/users\/2"}],"replies":[{"embeddable":true,"href":"https:\/\/www.europesays.com\/lv\/wp-json\/wp\/v2\/comments?post=102990"}],"version-history":[{"count":0,"href":"https:\/\/www.europesays.com\/lv\/wp-json\/wp\/v2\/posts\/102990\/revisions"}],"wp:featuredmedia":[{"embeddable":true,"href":"https:\/\/www.europesays.com\/lv\/wp-json\/wp\/v2\/media\/102991"}],"wp:attachment":[{"href":"https:\/\/www.europesays.com\/lv\/wp-json\/wp\/v2\/media?parent=102990"}],"wp:term":[{"taxonomy":"category","embeddable":true,"href":"https:\/\/www.europesays.com\/lv\/wp-json\/wp\/v2\/categories?post=102990"},{"taxonomy":"post_tag","embeddable":true,"href":"https:\/\/www.europesays.com\/lv\/wp-json\/wp\/v2\/tags?post=102990"}],"curies":[{"name":"wp","href":"https:\/\/api.w.org\/{rel}","templated":true}]}}