{"id":102992,"date":"2026-01-13T11:58:06","date_gmt":"2026-01-13T11:58:06","guid":{"rendered":"https:\/\/www.europesays.com\/lv\/102992\/"},"modified":"2026-01-13T11:58:06","modified_gmt":"2026-01-13T11:58:06","slug":"par-premjerligas-kluba-pagaidu-galveno-treneri-iecelts-keriks","status":"publish","type":"post","link":"https:\/\/www.europesays.com\/lv\/102992\/","title":{"rendered":"Par Premjerl\u012bgas kluba pagaidu galveno treneri iecelts Keriks"},"content":{"rendered":"<p>Kop\u0161 2022. gada vi\u0146\u0161 vad\u012bja \u201cMiddlesbrough\u201d vien\u012bbu, ta\u010du pag\u0101ju\u0161aj\u0101 vasar\u0101 Keriks tika atbr\u012bvots no amata p\u0113c tam, kad \u201cMiddlesbrough\u201d Anglijas p\u0113c sp\u0113ka otraj\u0101 l\u012bg\u0101 ierindoj\u0101s desmitaj\u0101 poz\u012bcij\u0101.<\/p>\n<p>Pag\u0101ju\u0161aj\u0101 ned\u0113\u013c\u0101 \u201cManchester United\u201d no galven\u0101 trenera amata atbr\u012bvoja Rubenu Amorimu, kur\u0161 amat\u0101 pavad\u012bja 14 m\u0113ne\u0161us.<\/p>\n<p>\u201cManchester United, kas jau izst\u0101jusies no Anglijas Futbola asoci\u0101cijas kausa izc\u012b\u0146as, ar 32 punktiem 21 sp\u0113l\u0113 Anglijas premjerl\u012bgas turn\u012bra tabul\u0101 atrodas sept\u012btaj\u0101 poz\u012bcij\u0101.<\/p>\n<blockquote class=\"twitter-tweet\" data-width=\"550\" data-dnt=\"true\">\n<p lang=\"en\" dir=\"ltr\">\ud83d\udea8 BREAKING: Michael Carrick signs in as new Manchester United caretaker manager until the end of the season.<\/p>\n<p>Verbal agreement since yesterday, now sorted in all details + backroom staff also.<a href=\"https:\/\/twitter.com\/hashtag\/MUFC?src=hash&amp;ref_src=twsrc%5Etfw\" rel=\"nofollow noopener\" target=\"_blank\">#MUFC<\/a> official announcement to follow next. <a href=\"https:\/\/t.co\/BOaEYHJSTt\" rel=\"nofollow\">pic.twitter.com\/BOaEYHJSTt<\/a><\/p>\n<p>\u2014 Fabrizio Romano (@FabrizioRomano) <a href=\"https:\/\/twitter.com\/FabrizioRomano\/status\/2011014315998957838?ref_src=twsrc%5Etfw\" rel=\"nofollow noopener\" target=\"_blank\">January 13, 2026<\/a><\/p>\n<\/blockquote>\n<p>Skaties Anglijas Premjerl\u012bgas sp\u0113les <a href=\"https:\/\/go3.lv\/categories\/premierleague,category-6886315?utm_source=tv3.lv&amp;utm_medium=local&amp;utm_campaign=premierleague\" target=\"_blank\" rel=\"noopener nofollow\">Go3 telev\u012bzij\u0101<\/a>!<\/p>\n<p class=\"tv3-fw-500\">Zi\u0146o par k\u013c\u016bdu rakst\u0101<\/p>\n<p class=\"d-md-block d-none\">Iez\u012bm\u0113 k\u013c\u016bdaino tekstu un spied Ctrl+Enter.<\/p>\n<p class=\"d-md-none d-block\">Iez\u012bm\u0113 k\u013c\u016bdaino tekstu un zi\u0146o par to!<\/p>\n<p>                <script async src=\"https:\/\/platform.twitter.com\/widgets.js\" charset=\"utf-8\"><\/script><\/p>\n","protected":false},"excerpt":{"rendered":"Kop\u0161 2022. gada vi\u0146\u0161 vad\u012bja \u201cMiddlesbrough\u201d vien\u012bbu, ta\u010du pag\u0101ju\u0161aj\u0101 vasar\u0101 Keriks tika atbr\u012bvots no amata p\u0113c tam, kad&hellip;\n","protected":false},"author":2,"featured_media":102993,"comment_status":"","ping_status":"","sticky":false,"template":"","format":"standard","meta":{"footnotes":""},"categories":[17],"tags":[24932,35,39,38,36,37,34,40,67],"class_list":{"0":"post-102992","1":"post","2":"type-post","3":"status-publish","4":"format-standard","5":"has-post-thumbnail","7":"category-sports","8":"tag-anglijas-premjerligamanchester-united","9":"tag-latvia","10":"tag-latvian","11":"tag-latviesu","12":"tag-latviesu-valoda","13":"tag-latviesuvaloda","14":"tag-latvija","15":"tag-lv","16":"tag-sports"},"share_on_mastodon":{"url":"https:\/\/pubeurope.com\/@lv\/115887675963089655","error":""},"_links":{"self":[{"href":"https:\/\/www.europesays.com\/lv\/wp-json\/wp\/v2\/posts\/102992","targetHints":{"allow":["GET"]}}],"collection":[{"href":"https:\/\/www.europesays.com\/lv\/wp-json\/wp\/v2\/posts"}],"about":[{"href":"https:\/\/www.europesays.com\/lv\/wp-json\/wp\/v2\/types\/post"}],"author":[{"embeddable":true,"href":"https:\/\/www.europesays.com\/lv\/wp-json\/wp\/v2\/users\/2"}],"replies":[{"embeddable":true,"href":"https:\/\/www.europesays.com\/lv\/wp-json\/wp\/v2\/comments?post=102992"}],"version-history":[{"count":0,"href":"https:\/\/www.europesays.com\/lv\/wp-json\/wp\/v2\/posts\/102992\/revisions"}],"wp:featuredmedia":[{"embeddable":true,"href":"https:\/\/www.europesays.com\/lv\/wp-json\/wp\/v2\/media\/102993"}],"wp:attachment":[{"href":"https:\/\/www.europesays.com\/lv\/wp-json\/wp\/v2\/media?parent=102992"}],"wp:term":[{"taxonomy":"category","embeddable":true,"href":"https:\/\/www.europesays.com\/lv\/wp-json\/wp\/v2\/categories?post=102992"},{"taxonomy":"post_tag","embeddable":true,"href":"https:\/\/www.europesays.com\/lv\/wp-json\/wp\/v2\/tags?post=102992"}],"curies":[{"name":"wp","href":"https:\/\/api.w.org\/{rel}","templated":true}]}}